{"id":67975,"date":"2025-08-01T00:26:31","date_gmt":"2025-08-01T06:26:31","guid":{"rendered":"https:\/\/politicosaldesnudo.com.mx\/?p=67975"},"modified":"2025-08-01T00:26:31","modified_gmt":"2025-08-01T06:26:31","slug":"salida-de-iberdrola-fue-gradual","status":"publish","type":"post","link":"https:\/\/politicosaldesnudo.com.mx\/index.php\/2025\/08\/01\/salida-de-iberdrola-fue-gradual\/","title":{"rendered":"Salida de Iberdrola fue gradual"},"content":{"rendered":"<p>La salida de Iberdrola del pa\u00eds fue gradual; comenz\u00f3 con la compra de 13 plantas de generaci\u00f3n de energ\u00eda que tiene en el pa\u00eds por parte del fondo Mexico Infrastructure Partners (MIP), pero desde 2022 M\u00e9xico ya no era una de sus prioridades.<\/p>\n<p>Despu\u00e9s de que en mayo de 2022 la multinacional fue multada por la extinta Comisi\u00f3n Reguladora de Energ\u00eda (CRE) con 9 mil 145 millones de pesos por haber vendido energ\u00eda a otras empresas a pesar de que s\u00f3lo contaba con permisos de autoabastecimiento (<a href=\"http:\/\/bit.ly\/4lauw6J\" target=\"_blank\" rel=\"noopener noreferrer\" data-saferedirecturl=\"https:\/\/www.google.com\/url?q=http:\/\/bit.ly\/4lauw6J&amp;source=gmail&amp;ust=1754102531916000&amp;usg=AOvVaw33CVvbFKiq-2FpjST9VT2J\">bit.ly\/4lauw6J<\/a>), el camino para reducir sus inversiones en territorio mexicano comenz\u00f3.<\/p>\n<p>En el contexto del Digital Summit, organizado a finales del mismo a\u00f1o, la firma energ\u00e9tica de capital mayormente espa\u00f1ol no consider\u00f3 a M\u00e9xico como uno de los principales destinos de inversi\u00f3n en su hoja de ruta hacia 2025 (<a href=\"http:\/\/bit.ly\/4fq5qzO\" target=\"_blank\" rel=\"noopener noreferrer\" data-saferedirecturl=\"https:\/\/www.google.com\/url?q=http:\/\/bit.ly\/4fq5qzO&amp;source=gmail&amp;ust=1754102531916000&amp;usg=AOvVaw1gi61NCHVNr7UO3oaaWEoo\"><strong>bit.ly\/4fq5qzO<\/strong><\/a>), pues el objetivo en ese tiempo era enfocarse en Estados Unidos, pa\u00eds que seg\u00fan su visi\u00f3n ofrec\u00eda \u201ccerteza jur\u00eddica y la seguridad regulatoria\u201d.<\/p>\n<p>Previo a vender en 2023 las 13 centrales de energ\u00eda a MIP, Iberdrola tambi\u00e9n tuvo dificultades en el mercado mexicano, como la desconexi\u00f3n de la red de la planta de ciclo combinado Enertek, ubicada en Altamira, Tamaulipas (<a href=\"http:\/\/bit.ly\/4mleHeD\" target=\"_blank\" rel=\"noopener noreferrer\" data-saferedirecturl=\"https:\/\/www.google.com\/url?q=http:\/\/bit.ly\/4mleHeD&amp;source=gmail&amp;ust=1754102531916000&amp;usg=AOvVaw3Xo-WYpC3v9G6XBukTDN1H\">bit.ly\/4mleHeD<\/a>).<\/p>\n<p>A inicios de 2024, la ahora extinta Comisi\u00f3n Federal de Competencia Econ\u00f3mica (Cofece) aprob\u00f3 la operaci\u00f3n para que Iberdrola vendiera por 6 mil millones de d\u00f3lares los activos Monterrey I y II; Altamira III y IV; Altamira V; Escobedo; La Laguna; Tamazunchale I; Baja California; Topolobampo II y III; Monterrey III y IV; Tamazunchale II; Enertek; as\u00ed como la central La Venta III.<\/p>\n<p>Si bien en ese entonces, Ignacio Gal\u00e1n, presidente de la firma energ\u00e9tica, \u00ablim\u00f3 asperezas\u201d con las autoridades energ\u00e9ticas, pues indic\u00f3 que seguir\u00eda operando el 45 por ciento del negocio, tambi\u00e9n anunci\u00f3 sus intenciones de mantener las inversiones en el pa\u00eds.<\/p>\n<p>No obstante, en su informe financiero anual de 2024, Iberdrola advirti\u00f3 que los cambios que implicaban la reforma energ\u00e9tica que consolida la soberan\u00eda del pa\u00eds en la materia representaban un \u201criesgo\u201d para su negocio de venta a terceros (<a href=\"http:\/\/bit.ly\/4lPWfuN\" target=\"_blank\" rel=\"noopener noreferrer\" data-saferedirecturl=\"https:\/\/www.google.com\/url?q=http:\/\/bit.ly\/4lPWfuN&amp;source=gmail&amp;ust=1754102531916000&amp;usg=AOvVaw3ddftu3EeETZLZlt4ROTzM\"><strong>bit.ly\/4lPWfuN<\/strong><\/a>).<\/p>\n<p>Esto pese a que en octubre a\u00fan ve\u00eda posibilidades de hacer negocio en M\u00e9xico, despu\u00e9s de que la CRE aprob\u00f3 reglas para el uso de bater\u00edas de almacenamiento de energ\u00eda para el Sistema El\u00e9ctrico Nacional (SEN), una medida para evitar interrupciones en el suministro y mejorar la integraci\u00f3n de las energ\u00edas renovables (<a href=\"http:\/\/bit.ly\/45dm00P\" target=\"_blank\" rel=\"noopener noreferrer\" data-saferedirecturl=\"https:\/\/www.google.com\/url?q=http:\/\/bit.ly\/45dm00P&amp;source=gmail&amp;ust=1754102531916000&amp;usg=AOvVaw0gHu5QMV9bGDJwna9XzcK9\">bit.ly\/45dm00P<\/a>).<\/p>\n<p>En d\u00edas recientes, Gerardo P\u00e9rez Guerra, presidente de la Asociaci\u00f3n Mexicana de Energ\u00eda E\u00f3lica (AMDEE), coment\u00f3 que la posible salida de Iberdrola del pa\u00eds estaba sujeta a razones de negocio. La firma energ\u00e9tica coment\u00f3 que busca invertir en el \u00e1rea de redes de transporte y distribuci\u00f3n de sus filiales en Estados Unidos, Reino Unido, Brasil y Espa\u00f1a.<\/p>\n<p>En su m\u00e1s reciente informe financiero del primer trimestre de 2025, Iberdrola s\u00f3lo se\u00f1al\u00f3 que, derivado de los cambios constitucionales en el sector energ\u00e9tico, a\u00fan estaba pendiente la aprobaci\u00f3n de varios reglamentos que desarrollan las leyes secundarias, la armonizaci\u00f3n del marco regulatorio y del plan para establecer los mecanismos oficiales de planificaci\u00f3n. No obstante, no hizo m\u00e1s comentarios sobre el tema.<\/p>\n","protected":false},"excerpt":{"rendered":"<p>La salida de Iberdrola del pa\u00eds fue gradual; comenz\u00f3 con la compra de 13 plantas de generaci\u00f3n de energ\u00eda que<\/p>\n","protected":false},"author":4,"featured_media":67976,"comment_status":"closed","ping_status":"closed","sticky":false,"template":"","format":"standard","meta":{"colormag_page_container_layout":"default_layout","colormag_page_sidebar_layout":"default_layout","_jetpack_memberships_contains_paid_content":false,"footnotes":"","jetpack_publicize_message":"","jetpack_publicize_feature_enabled":true,"jetpack_social_post_already_shared":true,"jetpack_social_options":{"image_generator_settings":{"template":"highway","default_image_id":0,"font":"","enabled":false},"version":2}},"categories":[2050],"tags":[],"class_list":["post-67975","post","type-post","status-publish","format-standard","has-post-thumbnail","hentry","category-economia"],"jetpack_publicize_connections":[],"jetpack_featured_media_url":"https:\/\/i0.wp.com\/politicosaldesnudo.com.mx\/wp-content\/uploads\/2025\/08\/IBER.jpg?fit=756%2C431&ssl=1","jetpack-related-posts":[],"jetpack_sharing_enabled":true,"_links":{"self":[{"href":"https:\/\/politicosaldesnudo.com.mx\/index.php\/wp-json\/wp\/v2\/posts\/67975","targetHints":{"allow":["GET"]}}],"collection":[{"href":"https:\/\/politicosaldesnudo.com.mx\/index.php\/wp-json\/wp\/v2\/posts"}],"about":[{"href":"https:\/\/politicosaldesnudo.com.mx\/index.php\/wp-json\/wp\/v2\/types\/post"}],"author":[{"embeddable":true,"href":"https:\/\/politicosaldesnudo.com.mx\/index.php\/wp-json\/wp\/v2\/users\/4"}],"replies":[{"embeddable":true,"href":"https:\/\/politicosaldesnudo.com.mx\/index.php\/wp-json\/wp\/v2\/comments?post=67975"}],"version-history":[{"count":0,"href":"https:\/\/politicosaldesnudo.com.mx\/index.php\/wp-json\/wp\/v2\/posts\/67975\/revisions"}],"wp:featuredmedia":[{"embeddable":true,"href":"https:\/\/politicosaldesnudo.com.mx\/index.php\/wp-json\/wp\/v2\/media\/67976"}],"wp:attachment":[{"href":"https:\/\/politicosaldesnudo.com.mx\/index.php\/wp-json\/wp\/v2\/media?parent=67975"}],"wp:term":[{"taxonomy":"category","embeddable":true,"href":"https:\/\/politicosaldesnudo.com.mx\/index.php\/wp-json\/wp\/v2\/categories?post=67975"},{"taxonomy":"post_tag","embeddable":true,"href":"https:\/\/politicosaldesnudo.com.mx\/index.php\/wp-json\/wp\/v2\/tags?post=67975"}],"curies":[{"name":"wp","href":"https:\/\/api.w.org\/{rel}","templated":true}]}}