{"id":6798,"date":"2022-06-22T06:31:55","date_gmt":"2022-06-22T11:31:55","guid":{"rendered":"https:\/\/politicosaldesnudo.com.mx\/?p=6798"},"modified":"2022-06-22T07:23:48","modified_gmt":"2022-06-22T12:23:48","slug":"aicm-el-aerodromo-de-la-cuarta-destruccion","status":"publish","type":"post","link":"https:\/\/politicosaldesnudo.com.mx\/index.php\/2022\/06\/22\/aicm-el-aerodromo-de-la-cuarta-destruccion\/","title":{"rendered":"AICM, el aer\u00f3dromo rumbo a la Cuarta Destrucci\u00f3n"},"content":{"rendered":"<p class=\"p1\"><strong><span style=\"font-size: 18pt;\">Por Jorge Evia Ram\u00edrez<\/span><\/strong><\/p>\n<p class=\"p1\"><span style=\"font-size: 14pt;\">Las autoridades del Aeropuerto Internacional \u201cBenito Ju\u00e1rez\u201d de la Ciudad de M\u00e9xico AICM, quedaron completamente desnudas y fueron exhibidas ante la opini\u00f3n p\u00fablica por una serie de omisiones y complicidades al permitir el cierre de las Terminales 1 y 2 por parte de algunas agrupaciones de taxistas que prestan el servicio de transportaci\u00f3n terrestre el pasado 24 de mayo; ocasionando p\u00e9rdidas millonarias a las aerol\u00edneas a\u00e9reas, una serie de afectaciones a miles de usuarios, alterando el traslado de un \u00f3rgano para salvar una vida mediante un transplante y la afectaci\u00f3n individual en sus vidas y actividades de pasajeros que no llegaron a sus destinos nacionales e internacionales.<\/span><\/p>\n<p class=\"p1\"><span style=\"font-size: 18pt;\"><strong>La ineptitud e ineficacia de los servidores p\u00fablicos aeroportuarios, tienen nombre y apellidos aunque no tengan madre: Carlos Alfonso Mor\u00e1n Moguel y Oscar Ernie Orozco Perea, Director General del Aeropuerto Internacional de la Ciudad de Mexico y Encargado de Despacho de la Subdirecci\u00f3n de Terminal y de Supervisi\u00f3n de Transportaci\u00f3n Terrestre respectivamente.<\/strong><\/span><\/p>\n<p>&nbsp;<\/p>\n<p><img data-recalc-dims=\"1\" loading=\"lazy\" decoding=\"async\" class=\"aligncenter wp-image-6799 size-large\" src=\"https:\/\/i0.wp.com\/politicosaldesnudo.com.mx\/wp-content\/uploads\/2022\/06\/P-AICM-FUNCIONARIOS-1024x573.png?resize=800%2C448&#038;ssl=1\" alt=\"\" width=\"800\" height=\"448\" srcset=\"https:\/\/i0.wp.com\/politicosaldesnudo.com.mx\/wp-content\/uploads\/2022\/06\/P-AICM-FUNCIONARIOS.png?resize=1024%2C573&amp;ssl=1 1024w, https:\/\/i0.wp.com\/politicosaldesnudo.com.mx\/wp-content\/uploads\/2022\/06\/P-AICM-FUNCIONARIOS.png?resize=300%2C168&amp;ssl=1 300w, https:\/\/i0.wp.com\/politicosaldesnudo.com.mx\/wp-content\/uploads\/2022\/06\/P-AICM-FUNCIONARIOS.png?resize=768%2C430&amp;ssl=1 768w, https:\/\/i0.wp.com\/politicosaldesnudo.com.mx\/wp-content\/uploads\/2022\/06\/P-AICM-FUNCIONARIOS.png?resize=1536%2C859&amp;ssl=1 1536w, https:\/\/i0.wp.com\/politicosaldesnudo.com.mx\/wp-content\/uploads\/2022\/06\/P-AICM-FUNCIONARIOS.png?w=1816&amp;ssl=1 1816w, https:\/\/i0.wp.com\/politicosaldesnudo.com.mx\/wp-content\/uploads\/2022\/06\/P-AICM-FUNCIONARIOS.png?w=1600&amp;ssl=1 1600w\" sizes=\"auto, (max-width: 800px) 100vw, 800px\" \/><\/p>\n<p>&nbsp;<\/p>\n<p class=\"p1\"><span style=\"font-size: 18pt;\"><strong>Ambos funcionarios incumplieron con el mandato constitucional de observar en el desempe\u00f1o de sus empleos, cargos o comisiones los principios de legalidad, honradez, lealtad, imparcialidad y eficiencia. Su actuaci\u00f3n p\u00fablica merece ser evaluada desde Palacio Nacional, ante el desconocimiento y falta de aplicaci\u00f3n de las Leyes y Normas.<\/strong><\/span><\/p>\n<p class=\"p1\"><span style=\"font-size: 14pt;\">Lo anterior es as\u00ed, toda vez que Carlos Alfonso Mor\u00e1n Moguel y Oscar Ernie Orozco Perea ignoran que existen causales a las que de les otorga el car\u00e1cter de graves y por las cuales debe de rescindirse la relaci\u00f3n contractual entre el AICM y las agrupaciones de taxistas, entre las cuales destacan por la gravedad de las mismas las siguientes:<\/span><\/p>\n<p class=\"p1\"><span style=\"font-size: 14pt;\"><strong>1.-<\/strong> Cuando los <strong>Permisionarios y\/o Operadores<\/strong> realicen por convocatoria del Comit\u00e9 Directivo de la Agrupaci\u00f3n actos que impliquen ataques a las v\u00edas generales de comunicaci\u00f3n.<\/span><\/p>\n<p class=\"p1\"><span style=\"font-size: 14pt;\"><strong>2.-<\/strong> Cuando por convocatoria del Comit\u00e9 Directivo de la agrupaci\u00f3n, los <strong>Permisionarios y\/o Operadores<\/strong> interrumpan total o parcialmente la prestaci\u00f3n del Servicio sin causa justificada.<\/span><\/p>\n<p class=\"p1\"><span style=\"font-size: 18pt;\"><strong>Resulta que diversas agrupaciones de taxistas que prestan el servicio de transportaci\u00f3n terrestre, convocaron al cierre del Aeropuerto Internacional de la Ciudad de Mexico AICM en medios de comunicaci\u00f3n y redes sociales d\u00edas previos al 24 de mayo y lo hicieron por conducto de sus dirigentes.<span class=\"Apple-converted-space\">\u00a0<\/span><\/strong><\/span><\/p>\n<p class=\"p1\"><span style=\"font-size: 18pt;\"><strong>La situaci\u00f3n se agravo a\u00fan m\u00e1s, cuando por primera vez en la vida del Aeropuerto los Comit\u00e9s Directivos de algunas agrupaciones ordenaron el cierre de los puntos de venta de boletos para la prestaci\u00f3n del servicio de transportaci\u00f3n terrestre dejando sin servicio de taxis a miles de usuarios.<\/strong><\/span><\/p>\n<p class=\"p1\"><span style=\"font-size: 18pt;\"><strong>Si para la ignorancia de Carlos Alfonso Mor\u00e1n Moguel y su fiel escudero Oscar Ernie Orozco Perea no son suficientes las causas graves en las cuales incurrieron diversas agrupaciones de taxistas, habr\u00e1 que recordarles a esos seudo servidores p\u00fablicos que derivado de la relaci\u00f3n contractual con los Sitios de Taxis, que cuando la Agrupaci\u00f3n incumpla con su obligaci\u00f3n de pagar oportunamente dos o m\u00e1s Contraprestaciones mensuales conforme a lo establecido en el Convio respectivo, tambi\u00e9n es una causal con el car\u00e1cter de grave y al d\u00eda de hoy, las agrupaciones de taxistas del Aeropuerto Internacional de la Ciudad de Mexico le deben a las autoridades aeroportuarias el Pago de la Contraprestaci\u00f3n de Acceso a la Zona Federal.<span class=\"Apple-converted-space\">\u00a0<\/span><\/strong><\/span><\/p>\n<p>&nbsp;<\/p>\n<p><img data-recalc-dims=\"1\" loading=\"lazy\" decoding=\"async\" class=\"aligncenter wp-image-6800 size-large\" src=\"https:\/\/i0.wp.com\/politicosaldesnudo.com.mx\/wp-content\/uploads\/2022\/06\/P-PLATO%CC%81N-YELLOWCAR-1024x573.png?resize=800%2C448&#038;ssl=1\" alt=\"\" width=\"800\" height=\"448\" srcset=\"https:\/\/i0.wp.com\/politicosaldesnudo.com.mx\/wp-content\/uploads\/2022\/06\/P-PLATO%CC%81N-YELLOWCAR.png?resize=1024%2C573&amp;ssl=1 1024w, https:\/\/i0.wp.com\/politicosaldesnudo.com.mx\/wp-content\/uploads\/2022\/06\/P-PLATO%CC%81N-YELLOWCAR.png?resize=300%2C168&amp;ssl=1 300w, https:\/\/i0.wp.com\/politicosaldesnudo.com.mx\/wp-content\/uploads\/2022\/06\/P-PLATO%CC%81N-YELLOWCAR.png?resize=768%2C430&amp;ssl=1 768w, https:\/\/i0.wp.com\/politicosaldesnudo.com.mx\/wp-content\/uploads\/2022\/06\/P-PLATO%CC%81N-YELLOWCAR.png?resize=1536%2C859&amp;ssl=1 1536w, https:\/\/i0.wp.com\/politicosaldesnudo.com.mx\/wp-content\/uploads\/2022\/06\/P-PLATO%CC%81N-YELLOWCAR.png?w=1816&amp;ssl=1 1816w, https:\/\/i0.wp.com\/politicosaldesnudo.com.mx\/wp-content\/uploads\/2022\/06\/P-PLATO%CC%81N-YELLOWCAR.png?w=1600&amp;ssl=1 1600w\" sizes=\"auto, (max-width: 800px) 100vw, 800px\" \/><\/p>\n<p>&nbsp;<\/p>\n<p class=\"p1\"><span style=\"font-size: 18pt;\"><strong>Causales para sancionar el ataque a las v\u00edas generales de comunicaci\u00f3n las hay y de sobra, capacidad y mano firme del Director General y de su Encargado de Despacho qui\u00e9n sabe. A lo mejor tanto Carlos Alfonso Mor\u00e1n Moguel y Oscar Ernie Orozco Perea desconocen que en el cierre del Aeropuerto Internacional de la Ciudad de Mexico, s\u00f3lo participaron los Sitios de Nueva Imagen con 88 unidades vehiculares; Yellow Cab con 5 veh\u00edculos; Porto con 16 camionetas y el Sitio 300 con seis taxis de un Universo de 2000 concesiones.<span class=\"Apple-converted-space\">\u00a0<\/span><\/strong><\/span><\/p>\n<p class=\"p1\"><span style=\"font-size: 14pt;\">Los 128 permisionarios que participaron en el cierre de las Terminales A\u00e9reas 1 y 2, tambi\u00e9n tienen nombre y apellidos. S\u00f3lo es cuesti\u00f3n que el Director General del Aeropuerto Internacional de la Ciudad de Mexico le pida a su Encargado de Despacho de la Subdirecci\u00f3n de Terminal y de Supervisi\u00f3n de Transportaci\u00f3n Terrestre le proporcione los nombres para iniciar los procedimientos respectivos para rescindirles sus permisos y por ende, la cancelaci\u00f3n de sus concesiones.<\/span><\/p>\n<p class=\"p1\"><span style=\"font-size: 18pt;\"><strong>Que alguien le diga a Lopez Obrador que ni Mor\u00e1n Moguel ni tampoco Orozco Perea cumplen con el requisito de 90% lealtad y 10% conocimiento. Que ambos personajes est\u00e1n convirtiendo al Aeropuerto Internacional de la Ciudad de M\u00e9xico AICM en un aer\u00f3dromo de Cuarta Destrucci\u00f3n. Si dichos funcionarios permitieron el cierre del Aeropuerto por desconocimiento, que renuncien. Si lo permitieron por complicidad, que sean destituidos y sancionados.<\/strong><\/span><\/p>\n<p class=\"p1\"><span style=\"font-size: 14pt;\">Que alguien le comente a Andr\u00e9s Manuel, que dichos funcionarios formaron parte del Gobierno de Enrique Pe\u00f1a Nieto. Su falta de capacidad se las vendieron como virtud y sus omisiones las compraron como talento.<span class=\"Apple-converted-space\">\u00a0<\/span><\/span><\/p>\n<p>&nbsp;<\/p>\n<p class=\"p1\"><span style=\"font-size: 18pt;\"><strong>Twitter<span class=\"s1\">: <a href=\"https:\/\/twitter.com\/eviaram\"><span class=\"s2\">@EVIARAM<\/span><\/a><\/span><\/strong><\/span><\/p>\n<p>&nbsp;<\/p>\n<p><span style=\"font-size: 18pt; color: #04bcd9;\"><em><strong>**Las columnas firmadas en este medio son responsabilidad de quienes las firman**<\/strong><\/em><\/span><\/p>\n<p>&nbsp;<\/p>\n","protected":false},"excerpt":{"rendered":"<p>Por Jorge Evia Ram\u00edrez Las autoridades del Aeropuerto Internacional \u201cBenito Ju\u00e1rez\u201d de la Ciudad de M\u00e9xico AICM, quedaron completamente desnudas<\/p>\n","protected":false},"author":4,"featured_media":1410,"comment_status":"closed","ping_status":"closed","sticky":false,"template":"","format":"standard","meta":{"colormag_page_container_layout":"default_layout","colormag_page_sidebar_layout":"default_layout","_jetpack_memberships_contains_paid_content":false,"footnotes":"","jetpack_publicize_message":"","jetpack_publicize_feature_enabled":true,"jetpack_social_post_already_shared":false,"jetpack_social_options":{"image_generator_settings":{"template":"highway","default_image_id":0,"font":"","enabled":false},"version":2}},"categories":[26],"tags":[914,913,992],"class_list":["post-6798","post","type-post","status-publish","format-standard","has-post-thumbnail","hentry","category-columnistas","tag-aicm","tag-carlos-alfonso-moran-moguel","tag-oscar-ernie-orozco"],"jetpack_publicize_connections":[],"jetpack_featured_media_url":"https:\/\/i0.wp.com\/politicosaldesnudo.com.mx\/wp-content\/uploads\/2022\/01\/JORGE-EVIA1.png?fit=1816%2C1016&ssl=1","jetpack-related-posts":[],"jetpack_sharing_enabled":true,"_links":{"self":[{"href":"https:\/\/politicosaldesnudo.com.mx\/index.php\/wp-json\/wp\/v2\/posts\/6798","targetHints":{"allow":["GET"]}}],"collection":[{"href":"https:\/\/politicosaldesnudo.com.mx\/index.php\/wp-json\/wp\/v2\/posts"}],"about":[{"href":"https:\/\/politicosaldesnudo.com.mx\/index.php\/wp-json\/wp\/v2\/types\/post"}],"author":[{"embeddable":true,"href":"https:\/\/politicosaldesnudo.com.mx\/index.php\/wp-json\/wp\/v2\/users\/4"}],"replies":[{"embeddable":true,"href":"https:\/\/politicosaldesnudo.com.mx\/index.php\/wp-json\/wp\/v2\/comments?post=6798"}],"version-history":[{"count":0,"href":"https:\/\/politicosaldesnudo.com.mx\/index.php\/wp-json\/wp\/v2\/posts\/6798\/revisions"}],"wp:featuredmedia":[{"embeddable":true,"href":"https:\/\/politicosaldesnudo.com.mx\/index.php\/wp-json\/wp\/v2\/media\/1410"}],"wp:attachment":[{"href":"https:\/\/politicosaldesnudo.com.mx\/index.php\/wp-json\/wp\/v2\/media?parent=6798"}],"wp:term":[{"taxonomy":"category","embeddable":true,"href":"https:\/\/politicosaldesnudo.com.mx\/index.php\/wp-json\/wp\/v2\/categories?post=6798"},{"taxonomy":"post_tag","embeddable":true,"href":"https:\/\/politicosaldesnudo.com.mx\/index.php\/wp-json\/wp\/v2\/tags?post=6798"}],"curies":[{"name":"wp","href":"https:\/\/api.w.org\/{rel}","templated":true}]}}