{"id":68005,"date":"2025-08-01T00:43:40","date_gmt":"2025-08-01T06:43:40","guid":{"rendered":"https:\/\/politicosaldesnudo.com.mx\/?p=68005"},"modified":"2025-08-01T00:43:40","modified_gmt":"2025-08-01T06:43:40","slug":"eu-y-ecuador-firman-acuerdo-de-seguridad-y-cooperacion-contra-migracion","status":"publish","type":"post","link":"https:\/\/politicosaldesnudo.com.mx\/index.php\/2025\/08\/01\/eu-y-ecuador-firman-acuerdo-de-seguridad-y-cooperacion-contra-migracion\/","title":{"rendered":"EU y Ecuador firman acuerdo de seguridad y cooperaci\u00f3n contra migraci\u00f3n"},"content":{"rendered":"<p class=\"nota-justify\">La secretaria de Seguridad Nacional de Estados Unidos, Kristi Noem, firm\u00f3 este jueves acuerdos con el gobierno de Ecuador que permiten agilizar el intercambio de informaci\u00f3n para evitar la migraci\u00f3n ilegal y combatir el crimen organizado y el narcotr\u00e1fico, en una muestra de la creciente cooperaci\u00f3n entre los dos pa\u00edses aliados en la regi\u00f3n.<\/p>\n<p class=\"nota-justify\">La funcionaria estadunidense mantuvo un encuentro privado con el presidente de Ecuador, Daniel Noboa, de perfil conservador, y otros representantes del gobierno ecuatoriano.<\/p>\n<p class=\"nota-justify\">En una declaraci\u00f3n a la prensa, Noem destac\u00f3 lo que llam\u00f3 \u201csignificativa colaboraci\u00f3n\u201d entre los dos pa\u00edses \u201cen la gesti\u00f3n de la migraci\u00f3n y la seguridad fronteriza\u201d y asegur\u00f3 que se ha producido una reducci\u00f3n dr\u00e1stica en la migraci\u00f3n irregular hacia Estados Unidos.<\/p>\n<p class=\"nota-justify\">En los acuerdos est\u00e1 el intercambio de datos biom\u00e9tricos sobre presuntos terroristas e integrantes de organizaciones criminales, lo que seg\u00fan las autoridades \u201cayudar\u00e1 a llevar ante la justicia a individuos peligrosos, tanto en Estados Unidos como en Ecuador\u201d. Tambi\u00e9n se mejorar\u00e1n los esfuerzos de extradici\u00f3n para lograr mayor seguridad y \u00abgarantizar que la migraci\u00f3n se realice dentro del marco de la ley\u201d.<\/p>\n<p class=\"nota-justify\">Ecuador y Estados Unidos mantienen una relaci\u00f3n m\u00e1s estrecha a partir de la llegada al poder de Noboa a finales del 2023; desde entonces el pa\u00eds ha recibido apoyo en equipamiento policial y militar en el marco de las pol\u00edticas de cooperaci\u00f3n.<\/p>\n","protected":false},"excerpt":{"rendered":"<p>La secretaria de Seguridad Nacional de Estados Unidos, Kristi Noem, firm\u00f3 este jueves acuerdos con el gobierno de Ecuador que<\/p>\n","protected":false},"author":4,"featured_media":68006,"comment_status":"closed","ping_status":"closed","sticky":false,"template":"","format":"standard","meta":{"colormag_page_container_layout":"default_layout","colormag_page_sidebar_layout":"default_layout","_jetpack_memberships_contains_paid_content":false,"footnotes":"","jetpack_publicize_message":"","jetpack_publicize_feature_enabled":true,"jetpack_social_post_already_shared":true,"jetpack_social_options":{"image_generator_settings":{"template":"highway","default_image_id":0,"font":"","enabled":false},"version":2}},"categories":[28],"tags":[],"class_list":["post-68005","post","type-post","status-publish","format-standard","has-post-thumbnail","hentry","category-internacional"],"jetpack_publicize_connections":[],"jetpack_featured_media_url":"https:\/\/i0.wp.com\/politicosaldesnudo.com.mx\/wp-content\/uploads\/2025\/08\/ACER.jpg?fit=750%2C506&ssl=1","jetpack-related-posts":[],"jetpack_sharing_enabled":true,"_links":{"self":[{"href":"https:\/\/politicosaldesnudo.com.mx\/index.php\/wp-json\/wp\/v2\/posts\/68005","targetHints":{"allow":["GET"]}}],"collection":[{"href":"https:\/\/politicosaldesnudo.com.mx\/index.php\/wp-json\/wp\/v2\/posts"}],"about":[{"href":"https:\/\/politicosaldesnudo.com.mx\/index.php\/wp-json\/wp\/v2\/types\/post"}],"author":[{"embeddable":true,"href":"https:\/\/politicosaldesnudo.com.mx\/index.php\/wp-json\/wp\/v2\/users\/4"}],"replies":[{"embeddable":true,"href":"https:\/\/politicosaldesnudo.com.mx\/index.php\/wp-json\/wp\/v2\/comments?post=68005"}],"version-history":[{"count":0,"href":"https:\/\/politicosaldesnudo.com.mx\/index.php\/wp-json\/wp\/v2\/posts\/68005\/revisions"}],"wp:featuredmedia":[{"embeddable":true,"href":"https:\/\/politicosaldesnudo.com.mx\/index.php\/wp-json\/wp\/v2\/media\/68006"}],"wp:attachment":[{"href":"https:\/\/politicosaldesnudo.com.mx\/index.php\/wp-json\/wp\/v2\/media?parent=68005"}],"wp:term":[{"taxonomy":"category","embeddable":true,"href":"https:\/\/politicosaldesnudo.com.mx\/index.php\/wp-json\/wp\/v2\/categories?post=68005"},{"taxonomy":"post_tag","embeddable":true,"href":"https:\/\/politicosaldesnudo.com.mx\/index.php\/wp-json\/wp\/v2\/tags?post=68005"}],"curies":[{"name":"wp","href":"https:\/\/api.w.org\/{rel}","templated":true}]}}