{"id":68008,"date":"2025-08-01T00:45:20","date_gmt":"2025-08-01T06:45:20","guid":{"rendered":"https:\/\/politicosaldesnudo.com.mx\/?p=68008"},"modified":"2025-08-01T00:45:20","modified_gmt":"2025-08-01T06:45:20","slug":"ordenan-retirar-de-los-angeles-a-mil-350-elementos-de-la-guardia-nacional","status":"publish","type":"post","link":"https:\/\/politicosaldesnudo.com.mx\/index.php\/2025\/08\/01\/ordenan-retirar-de-los-angeles-a-mil-350-elementos-de-la-guardia-nacional\/","title":{"rendered":"Ordenan retirar de Los \u00c1ngeles a mil 350 elementos de la Guardia Nacional"},"content":{"rendered":"<p class=\"nota-justify\">El secretario de Defensa de Estados Unidos, Pete Hegseth, orden\u00f3 retirar a unos mil 350 miembros de la guardia nacional desplegados en Los \u00c1ngeles durante las manifestaciones contra la pol\u00edtica migratoria del presidente Donald Trump, inform\u00f3 este jueves el Pent\u00e1gono.<\/p>\n<p class=\"nota-justify\">El mandatario republicano orden\u00f3 el despliegue de miles de miembros de la guardia nacional y cientos de marines en Los \u00c1ngeles en junio durante las protestas contra sus redadas migratorias, una medida criticada por los l\u00edderes locales y el gobernador dem\u00f3crata de California, Gavin Newsom. Desde entonces la situaci\u00f3n se ha calmado en la ciudad.<\/p>\n<p class=\"nota-justify\">Hegseth \u00aborden\u00f3 la retirada de aproximadamente mil 350 miembros de la Guardia Nacional de California de la misi\u00f3n federal de protecci\u00f3n\u00bb, anunci\u00f3 el portavoz del Pent\u00e1gono, Sean Parnell, en un comunicado.<\/p>\n<p class=\"nota-justify\">\u00abAproximadamente 250 miembros de la Guardia Nacional de California permanecen en Los \u00c1ngeles para proteger al personal y las propiedades federales\u00bb, a\u00f1adi\u00f3 \u00abAgradecemos enormemente el apoyo de los m\u00e1s de 5 mil\u00bb efectivos de la guardia nacional y \u00abmarines que se movilizaron a Los \u00c1ngeles\u00bb..<\/p>\n<p class=\"nota-justify\">Los \u00c1ngeles es una de las llamadas \u00abciudades santuario\u00bb, que suelen prohibir a los funcionarios informar a los agentes federales sobre migrantes en situaci\u00f3n irregular si corren el riesgo de ser deportados.<\/p>\n","protected":false},"excerpt":{"rendered":"<p>El secretario de Defensa de Estados Unidos, Pete Hegseth, orden\u00f3 retirar a unos mil 350 miembros de la guardia nacional<\/p>\n","protected":false},"author":4,"featured_media":68009,"comment_status":"closed","ping_status":"closed","sticky":false,"template":"","format":"standard","meta":{"colormag_page_container_layout":"default_layout","colormag_page_sidebar_layout":"default_layout","_jetpack_memberships_contains_paid_content":false,"footnotes":"","jetpack_publicize_message":"","jetpack_publicize_feature_enabled":true,"jetpack_social_post_already_shared":true,"jetpack_social_options":{"image_generator_settings":{"template":"highway","default_image_id":0,"font":"","enabled":false},"version":2}},"categories":[28],"tags":[],"class_list":["post-68008","post","type-post","status-publish","format-standard","has-post-thumbnail","hentry","category-internacional"],"jetpack_publicize_connections":[],"jetpack_featured_media_url":"https:\/\/i0.wp.com\/politicosaldesnudo.com.mx\/wp-content\/uploads\/2025\/08\/GNJ.jpg?fit=769%2C511&ssl=1","jetpack-related-posts":[],"jetpack_sharing_enabled":true,"_links":{"self":[{"href":"https:\/\/politicosaldesnudo.com.mx\/index.php\/wp-json\/wp\/v2\/posts\/68008","targetHints":{"allow":["GET"]}}],"collection":[{"href":"https:\/\/politicosaldesnudo.com.mx\/index.php\/wp-json\/wp\/v2\/posts"}],"about":[{"href":"https:\/\/politicosaldesnudo.com.mx\/index.php\/wp-json\/wp\/v2\/types\/post"}],"author":[{"embeddable":true,"href":"https:\/\/politicosaldesnudo.com.mx\/index.php\/wp-json\/wp\/v2\/users\/4"}],"replies":[{"embeddable":true,"href":"https:\/\/politicosaldesnudo.com.mx\/index.php\/wp-json\/wp\/v2\/comments?post=68008"}],"version-history":[{"count":0,"href":"https:\/\/politicosaldesnudo.com.mx\/index.php\/wp-json\/wp\/v2\/posts\/68008\/revisions"}],"wp:featuredmedia":[{"embeddable":true,"href":"https:\/\/politicosaldesnudo.com.mx\/index.php\/wp-json\/wp\/v2\/media\/68009"}],"wp:attachment":[{"href":"https:\/\/politicosaldesnudo.com.mx\/index.php\/wp-json\/wp\/v2\/media?parent=68008"}],"wp:term":[{"taxonomy":"category","embeddable":true,"href":"https:\/\/politicosaldesnudo.com.mx\/index.php\/wp-json\/wp\/v2\/categories?post=68008"},{"taxonomy":"post_tag","embeddable":true,"href":"https:\/\/politicosaldesnudo.com.mx\/index.php\/wp-json\/wp\/v2\/tags?post=68008"}],"curies":[{"name":"wp","href":"https:\/\/api.w.org\/{rel}","templated":true}]}}