{"id":68011,"date":"2025-08-02T02:14:26","date_gmt":"2025-08-02T08:14:26","guid":{"rendered":"https:\/\/politicosaldesnudo.com.mx\/?p=68011"},"modified":"2025-08-02T02:14:26","modified_gmt":"2025-08-02T08:14:26","slug":"panteones-saturados","status":"publish","type":"post","link":"https:\/\/politicosaldesnudo.com.mx\/index.php\/2025\/08\/02\/panteones-saturados\/","title":{"rendered":"Panteones saturados"},"content":{"rendered":"<p>Los dos panteones municipales de Tuxpan se encuentran en una etapa cr\u00edtica de ocupaci\u00f3n, pues actualmente solo quedan alrededor de 200 espacios disponibles para nuevas inhumaciones, inform\u00f3 Jorge Bautista Mart\u00ednez, coordinador municipal de Panteones.<\/p>\n<p>El funcionario explic\u00f3 que mes con mes se realizan labores de mantenimiento general, incluyendo limpieza, chapeo, recolecci\u00f3n de basura y retiro de flores secas en ambos cementerios. Gracias a una reciente jornada de limpieza en la zona conocida como Monte Palizada, se lograron recuperar m\u00e1s espacios que anteriormente estaban inhabilitados, lo que permiti\u00f3 ampliar ligeramente la capacidad, aunque ya se alcanz\u00f3 el l\u00edmite del terreno disponible.<\/p>\n<p>Bautista Mart\u00ednez aclar\u00f3 que actualmente los espacios s\u00f3lo se otorgan en casos de necesidad inmediata, es decir, \u00fanicamente cuando una persona fallece. \u201cYa no se est\u00e1n vendiendo espacios a futuro; \u00fanicamente se le est\u00e1 dando atenci\u00f3n a quien lo requiere en el momento\u201d, puntualiz\u00f3.<\/p>\n<p>Ante este panorama, el coordinador se\u00f1al\u00f3 que ser\u00e1 necesario dialogar con las autoridades actuales y con el pr\u00f3ximo alcalde electo, Daniel Cortina, para definir el futuro del servicio funerario en Tuxpan, incluyendo la posible creaci\u00f3n de un nuevo pante\u00f3n.<\/p>\n<p>Aunque se ha mencionado una posible ubicaci\u00f3n en la zona de El Ojite, a\u00fan no se ha definido el lugar ni se ha autorizado el proyecto.<\/p>\n","protected":false},"excerpt":{"rendered":"<p>Los dos panteones municipales de Tuxpan se encuentran en una etapa cr\u00edtica de ocupaci\u00f3n, pues actualmente solo quedan alrededor de<\/p>\n","protected":false},"author":4,"featured_media":68013,"comment_status":"closed","ping_status":"closed","sticky":false,"template":"","format":"standard","meta":{"colormag_page_container_layout":"default_layout","colormag_page_sidebar_layout":"default_layout","_jetpack_memberships_contains_paid_content":false,"footnotes":"","jetpack_publicize_message":"","jetpack_publicize_feature_enabled":true,"jetpack_social_post_already_shared":true,"jetpack_social_options":{"image_generator_settings":{"template":"highway","default_image_id":0,"font":"","enabled":false},"version":2}},"categories":[1],"tags":[],"class_list":["post-68011","post","type-post","status-publish","format-standard","has-post-thumbnail","hentry","category-sin-categoria"],"jetpack_publicize_connections":[],"jetpack_featured_media_url":"https:\/\/i0.wp.com\/politicosaldesnudo.com.mx\/wp-content\/uploads\/2025\/08\/pant.jpg?fit=1200%2C912&ssl=1","jetpack-related-posts":[],"jetpack_sharing_enabled":true,"_links":{"self":[{"href":"https:\/\/politicosaldesnudo.com.mx\/index.php\/wp-json\/wp\/v2\/posts\/68011","targetHints":{"allow":["GET"]}}],"collection":[{"href":"https:\/\/politicosaldesnudo.com.mx\/index.php\/wp-json\/wp\/v2\/posts"}],"about":[{"href":"https:\/\/politicosaldesnudo.com.mx\/index.php\/wp-json\/wp\/v2\/types\/post"}],"author":[{"embeddable":true,"href":"https:\/\/politicosaldesnudo.com.mx\/index.php\/wp-json\/wp\/v2\/users\/4"}],"replies":[{"embeddable":true,"href":"https:\/\/politicosaldesnudo.com.mx\/index.php\/wp-json\/wp\/v2\/comments?post=68011"}],"version-history":[{"count":0,"href":"https:\/\/politicosaldesnudo.com.mx\/index.php\/wp-json\/wp\/v2\/posts\/68011\/revisions"}],"wp:featuredmedia":[{"embeddable":true,"href":"https:\/\/politicosaldesnudo.com.mx\/index.php\/wp-json\/wp\/v2\/media\/68013"}],"wp:attachment":[{"href":"https:\/\/politicosaldesnudo.com.mx\/index.php\/wp-json\/wp\/v2\/media?parent=68011"}],"wp:term":[{"taxonomy":"category","embeddable":true,"href":"https:\/\/politicosaldesnudo.com.mx\/index.php\/wp-json\/wp\/v2\/categories?post=68011"},{"taxonomy":"post_tag","embeddable":true,"href":"https:\/\/politicosaldesnudo.com.mx\/index.php\/wp-json\/wp\/v2\/tags?post=68011"}],"curies":[{"name":"wp","href":"https:\/\/api.w.org\/{rel}","templated":true}]}}