{"id":6802,"date":"2022-06-22T06:53:14","date_gmt":"2022-06-22T11:53:14","guid":{"rendered":"https:\/\/politicosaldesnudo.com.mx\/?p=6802"},"modified":"2022-06-22T21:51:31","modified_gmt":"2022-06-23T02:51:31","slug":"mas-de-900-muertos-por-terremoto-en-afganistan","status":"publish","type":"post","link":"https:\/\/politicosaldesnudo.com.mx\/index.php\/2022\/06\/22\/mas-de-900-muertos-por-terremoto-en-afganistan\/","title":{"rendered":"M\u00e1s de mil muertos por terremoto en Afganist\u00e1n"},"content":{"rendered":"<p>&nbsp;<\/p>\n<p class=\"p1\"><span style=\"font-size: 14pt;\"><em><strong>Afganist\u00e1n.<\/strong><\/em> El <strong>balance de\u00a0muertos a causa del terremoto de magnitud 6.1\u00a0en la escala abierta de Richter<\/strong> registrado en la noche de este martes en la provincia afgana de Jost, cerca de la frontera con Pakist\u00e1n,\u00a0dej\u00f3 mil personas muertas y mil 500 heridas, seg\u00fan una agencia noticiosa estatal. Las autoridades advirtieron que\u00a0la macabra cifra podr\u00eda aumentar.<\/span><\/p>\n<p class=\"p1\"><span style=\"font-size: 14pt;\">El sismo tuvo su epicentro en un monta\u00f1oso habr\u00eda de destruido unas 2.000 viviendas, seg\u00fan calcula la ONU.<\/span><\/p>\n<p class=\"p1\"><span style=\"font-size: 14pt;\">Este drama no hace m\u00e1s que empeorar la situaci\u00f3n catastr\u00f3fica que vive Afganist\u00e1n, con una hambruna que afecta a millones de personas, como alertan organizaciones internacionales como UNICEF.<\/span><\/p>\n<blockquote>\n<p class=\"p1\"><span style=\"font-size: 14pt;\">Como tel\u00f3n de fondo, en Afganist\u00e1n estamos sufriendo la peor sequ\u00eda en 37 a\u00f1os, hay una crisis de desnutrici\u00f3n, una propagaci\u00f3n de enfermedades prevenibles como diarrea aguda y sarampi\u00f3n. Estas comunidades est\u00e1n debilitadas desde hace meses y a\u00f1os por numerosos desaf\u00edos. Esto ha llegado en el momento equivocado\u201d, ha explicado Sam Mort, jefa de Comunicaci\u00f3n, Promoci\u00f3n y Compromiso C\u00edvico de UNICEF Afganist\u00e1n.<\/span><\/p>\n<\/blockquote>\n<p class=\"p1\"><span style=\"font-size: 18pt;\"><strong>Esta tragedia es una prueba de fuego para el Gobierno de los talibanes, ya que muchas organizaciones internacionales abandonaron el pa\u00eds cuando llegaron al poder hace 10 meses y muchos Gobiernos son reacios a tratar directamente con ellos, lo que puede retrasar el despliegue de ayuda internacional de emergencia.<\/strong><\/span><\/p>\n<p class=\"p1\"><span style=\"font-size: 14pt;\">En un gesto inusual, el l\u00edder supremo talib\u00e1n ha hecho un llamamiento a la comunidad internacional y a las organizaciones humanitarias para que ayuden al pueblo afgano.<\/span><\/p>\n<p class=\"p1\"><span style=\"font-size: 18pt;\"><strong>Seg\u00fan las informaciones recogidas por la agencia estatal afgana de noticias Bakhtar News Agency, el distrito m\u00e1s afectado es el de Gayan, situado en la provincia de Paktika, donde hasta el momento se han confirmado m\u00e1s de 215 muertos.\u00a0Las autoridades locales han indicado que el balance podr\u00eda aumentar en las pr\u00f3ximas horas.<\/strong><\/span><\/p>\n<p class=\"p1\"><span style=\"font-size: 14pt;\">Minutos antes de las declaraciones de Muslim, el l\u00edder supremo de los talib\u00e1n, el mul\u00e1 Hebatul\u00e1 Ajundzada, hab\u00eda cifrado en cerca de 300 los muertos, en un mensaje en el que adem\u00e1s traslad\u00f3 sus condolencias a las v\u00edctimas del se\u00edsmo, que ha afectado tambi\u00e9n a la provincia de Jost, donde tuvo su epicentro.<\/span><\/p>\n<p class=\"p1\"><span style=\"font-size: 18pt;\"><strong>\u201cEs posible que el n\u00famero de muertos aumente a\u00fan m\u00e1s\u201d, ha dicho Ajundzada,\u00a0quien ha mostrado su \u201cgran tristeza por lo sucedido\u201d.<span class=\"Apple-converted-space\">\u00a0<\/span><\/strong><\/span><\/p>\n<blockquote>\n<p class=\"p1\"><span style=\"font-size: 14pt;\">El Emirato Isl\u00e1mico de Afganist\u00e1n presenta sus m\u00e1s sinceras condolencias a las familias y a los seres queridos de todas las v\u00edctimas\u201d, ha manifestado.<\/span><\/p>\n<\/blockquote>\n<p class=\"p1\"><span style=\"font-size: 18pt;\"><strong>Asimismo, el l\u00edder de los talib\u00e1n ha destacado que las autoridades \u201cadoptar\u00e1n todas las medidas necesarias para evacuar a los m\u00e1rtires y transportar y atender a los heridos\u201d, as\u00ed como para \u201cdar una ayuda inmediata a las personas afectadas\u201d.<\/strong><\/span><\/p>\n<p>&nbsp;<\/p>\n<p><img data-recalc-dims=\"1\" loading=\"lazy\" decoding=\"async\" class=\"aligncenter wp-image-6804 size-large\" src=\"https:\/\/i0.wp.com\/politicosaldesnudo.com.mx\/wp-content\/uploads\/2022\/06\/P-AFGANISTAN2-1024x573.png?resize=800%2C448&#038;ssl=1\" alt=\"\" width=\"800\" height=\"448\" srcset=\"https:\/\/i0.wp.com\/politicosaldesnudo.com.mx\/wp-content\/uploads\/2022\/06\/P-AFGANISTAN2.png?resize=1024%2C573&amp;ssl=1 1024w, https:\/\/i0.wp.com\/politicosaldesnudo.com.mx\/wp-content\/uploads\/2022\/06\/P-AFGANISTAN2.png?resize=300%2C168&amp;ssl=1 300w, https:\/\/i0.wp.com\/politicosaldesnudo.com.mx\/wp-content\/uploads\/2022\/06\/P-AFGANISTAN2.png?resize=768%2C430&amp;ssl=1 768w, https:\/\/i0.wp.com\/politicosaldesnudo.com.mx\/wp-content\/uploads\/2022\/06\/P-AFGANISTAN2.png?resize=1536%2C859&amp;ssl=1 1536w, https:\/\/i0.wp.com\/politicosaldesnudo.com.mx\/wp-content\/uploads\/2022\/06\/P-AFGANISTAN2.png?w=1816&amp;ssl=1 1816w, https:\/\/i0.wp.com\/politicosaldesnudo.com.mx\/wp-content\/uploads\/2022\/06\/P-AFGANISTAN2.png?w=1600&amp;ssl=1 1600w\" sizes=\"auto, (max-width: 800px) 100vw, 800px\" \/><\/p>\n<p>&nbsp;<\/p>\n<p><span style=\"font-size: 18pt;\"><strong>PIDEN AYUDA INTERNACIONAL\u00a0<\/strong><\/span><\/p>\n<p class=\"p1\"><span style=\"font-size: 18pt;\"><strong>\u201cPedimos igualmente a la comunidad internacional, las organizaciones caritativas y todas las organizaciones humanitarias que ayuden al pueblo de\u00a0Afganist\u00e1n\u00a0a hacer frente a esta gran tragedia\u201d, ha zanjado Ajunzada en su comunicado, publicado por el portavoz de los talib\u00e1n, Zabihul\u00e1 Muyahid.<\/strong><\/span><\/p>\n<p class=\"p1\"><span style=\"font-size: 14pt;\">El propio Muyahid ha resaltado a trav\u00e9s de un mensaje en su cuenta en Twitter que las autoridades han celebrado \u201cuna reuni\u00f3n de emergencia\u201d para \u201cdiscutir la entrega de asistencia a los afectados por el terremoto\u201d. El encuentro ha estado encabezado por el primer ministro, Mohamad Has\u00e1n Ajund.<\/span><\/p>\n<p class=\"p1\"><span style=\"font-size: 18pt;\"><strong>\u201cAdem\u00e1s de expresar su simpat\u00eda por todas las v\u00edctimas del se\u00edsmo, durante la reuni\u00f3n se ha pedido a todas las agencias implicadas que env\u00eden equipos de emergencia a la regi\u00f3n\u201d, ha dicho, antes de anunciar el env\u00edo de alimento, ropa y medicinas a las zonas afectadas.<\/strong><\/span><\/p>\n<p class=\"p1\"><span style=\"font-size: 14pt;\">Por su parte, el coordinador humanitario de Naciones Unidas en Afganist\u00e1n, Ramiz Alakbarov, ha subrayado que la Oficina de Naciones Unidas para la Coordinaci\u00f3n de Asuntos Humanitarios (OCHA) y la misi\u00f3n de la ONU en el pa\u00eds \u201cest\u00e1n analizando las necesidades y respondiendo a las consecuencias del terremoto, que ha segado cientos de vidas\u201d.<span class=\"Apple-converted-space\">\u00a0<\/span><\/span><\/p>\n<blockquote>\n<p class=\"p1\"><span style=\"font-size: 14pt;\"><b>Nuestras condolencias a las familias de los fallecidos, la respuesta est\u00e1 en camino\u201d<\/b><\/span><\/p>\n<\/blockquote>\n<p class=\"p1\"><span style=\"font-size: 18pt;\"><strong>El terremoto tuvo su epicentro a unos 44 kil\u00f3metros de la ciudad de Jost, mientras que su epicentro ha estado a una profundidad de unos 51 kil\u00f3metros, seg\u00fan los datos publicados en su p\u00e1gina web por el Servicio Geol\u00f3gico de Estados Unidos (USGS).<\/strong><\/span><\/p>\n<p>&nbsp;<\/p>\n<blockquote class=\"twitter-tweet\" data-width=\"550\" data-dnt=\"true\">\n<p lang=\"en\" dir=\"ltr\">Islamabad <a href=\"https:\/\/twitter.com\/hashtag\/earthquake?src=hash&amp;ref_src=twsrc%5Etfw\">#earthquake<\/a> magnitude of 6.1 on richter scale with 44KM South West of Khost in <a href=\"https:\/\/twitter.com\/hashtag\/Afghanistan?src=hash&amp;ref_src=twsrc%5Etfw\">#Afghanistan<\/a> being its epicentre while the depth was 50.8KMs. <a href=\"https:\/\/t.co\/KmGOF0GR8N\">pic.twitter.com\/KmGOF0GR8N<\/a><\/p>\n<p>&mdash; The Daily CPEC (@TheDailyCPEC) <a href=\"https:\/\/twitter.com\/TheDailyCPEC\/status\/1539490865730981889?ref_src=twsrc%5Etfw\">June 22, 2022<\/a><\/p><\/blockquote>\n<p><script async src=\"https:\/\/platform.twitter.com\/widgets.js\" charset=\"utf-8\"><\/script><\/p>\n<p>&nbsp;<\/p>\n<p>&nbsp;<\/p>\n<p>&nbsp;<\/p>\n<p>&nbsp;<\/p>\n","protected":false},"excerpt":{"rendered":"<p>&nbsp; Afganist\u00e1n. El balance de\u00a0muertos a causa del terremoto de magnitud 6.1\u00a0en la escala abierta de Richter registrado en la<\/p>\n","protected":false},"author":4,"featured_media":6803,"comment_status":"closed","ping_status":"closed","sticky":false,"template":"","format":"standard","meta":{"colormag_page_container_layout":"default_layout","colormag_page_sidebar_layout":"default_layout","_jetpack_memberships_contains_paid_content":false,"footnotes":"","jetpack_publicize_message":"","jetpack_publicize_feature_enabled":true,"jetpack_social_post_already_shared":false,"jetpack_social_options":{"image_generator_settings":{"template":"highway","default_image_id":0,"font":"","enabled":false},"version":2}},"categories":[28],"tags":[993,994],"class_list":["post-6802","post","type-post","status-publish","format-standard","has-post-thumbnail","hentry","category-internacional","tag-afganistan","tag-terremoto"],"jetpack_publicize_connections":[],"jetpack_featured_media_url":"https:\/\/i0.wp.com\/politicosaldesnudo.com.mx\/wp-content\/uploads\/2022\/06\/P-AFGANISTAN1.png?fit=1816%2C1016&ssl=1","jetpack-related-posts":[],"jetpack_sharing_enabled":true,"_links":{"self":[{"href":"https:\/\/politicosaldesnudo.com.mx\/index.php\/wp-json\/wp\/v2\/posts\/6802","targetHints":{"allow":["GET"]}}],"collection":[{"href":"https:\/\/politicosaldesnudo.com.mx\/index.php\/wp-json\/wp\/v2\/posts"}],"about":[{"href":"https:\/\/politicosaldesnudo.com.mx\/index.php\/wp-json\/wp\/v2\/types\/post"}],"author":[{"embeddable":true,"href":"https:\/\/politicosaldesnudo.com.mx\/index.php\/wp-json\/wp\/v2\/users\/4"}],"replies":[{"embeddable":true,"href":"https:\/\/politicosaldesnudo.com.mx\/index.php\/wp-json\/wp\/v2\/comments?post=6802"}],"version-history":[{"count":0,"href":"https:\/\/politicosaldesnudo.com.mx\/index.php\/wp-json\/wp\/v2\/posts\/6802\/revisions"}],"wp:featuredmedia":[{"embeddable":true,"href":"https:\/\/politicosaldesnudo.com.mx\/index.php\/wp-json\/wp\/v2\/media\/6803"}],"wp:attachment":[{"href":"https:\/\/politicosaldesnudo.com.mx\/index.php\/wp-json\/wp\/v2\/media?parent=6802"}],"wp:term":[{"taxonomy":"category","embeddable":true,"href":"https:\/\/politicosaldesnudo.com.mx\/index.php\/wp-json\/wp\/v2\/categories?post=6802"},{"taxonomy":"post_tag","embeddable":true,"href":"https:\/\/politicosaldesnudo.com.mx\/index.php\/wp-json\/wp\/v2\/tags?post=6802"}],"curies":[{"name":"wp","href":"https:\/\/api.w.org\/{rel}","templated":true}]}}