{"id":68027,"date":"2025-08-02T02:31:31","date_gmt":"2025-08-02T08:31:31","guid":{"rendered":"https:\/\/politicosaldesnudo.com.mx\/?p=68027"},"modified":"2025-08-02T02:31:31","modified_gmt":"2025-08-02T08:31:31","slug":"cuerpo-de-fuerzas-especiales-donde-solo-lo-mejor-del-ejercito-es-capaz-de-servir","status":"publish","type":"post","link":"https:\/\/politicosaldesnudo.com.mx\/index.php\/2025\/08\/02\/cuerpo-de-fuerzas-especiales-donde-solo-lo-mejor-del-ejercito-es-capaz-de-servir\/","title":{"rendered":"Cuerpo de Fuerzas Especiales, donde s\u00f3lo lo mejor del Ej\u00e9rcito es capaz de servir"},"content":{"rendered":"<p class=\"nota-justify\">A 39 a\u00f1os de su creaci\u00f3n, el Cuerpo de Fuerzas Especiales del Ej\u00e9rcito Mexicano est\u00e1 integrado por cuatro mil hombres capacitados para llevar a cabo misiones con alto grado de efectividad, en cualquier tipo de terreno y ambientes complejos y adversos para combatir, desarticular o prevenir, entre otras cosas, actos de terrorismo, narcotr\u00e1fico y rescate de personas.<\/p>\n<p class=\"nota-justify\">Lo m\u00e1s dif\u00edcil para quien desea convertirse en parte de las fuerzas especiales, es superar la barrera mental que limita la capacidad f\u00edsica y la fortaleza mental para hacer m\u00e1s y mejor las especialidades que desarrollan.<\/p>\n<p class=\"nota-justify\">El general Jos\u00e9 Benito Romero L\u00edbano, comandante del Cuerpo de Fuerzas Especiales de la secretar\u00eda de la Defensa Nacional (Defensa) , se\u00f1al\u00f3 que la excelencia es lo que buscan todos los militares que buscan pertenecer a este cuerpo, y para ello deben superar lo que se conoce como la barrera del corredor, donde la mente lo hace considerar que no puede m\u00e1s, y aqu\u00ed, hay ocasiones que consideramos que no podremos concluir el adiestramiento y el curso, sin embargo se impulsa la resistencia moral que se debe tener para cumplir las misiones.<\/p>\n<p class=\"nota-justify\">Entre las especialidades que tienen los llamados \u00abmurci\u00e9lagos\u00bb, como se les denomina en el ambiente castrense, est\u00e1n buzos de combate, francotirador, operaciones urbanas e infiltraci\u00f3n.<\/p>\n<p class=\"nota-justify\">\u00abNosotros tenemos seis batallones de fuerzas especiales y contamos con el Centro de Adiestramiento de Fuerzas Especiales, que son cuatro mil elementos. Nos concentramos en donde lo requiere el pa\u00eds, en cumplimiento de las misiones generales del Ej\u00e9rcito\u00bb, dijo el general Romero L\u00edbano.<\/p>\n<p class=\"nota-justify\">Estos hombres y mujeres que forman parte del grupo de militares m\u00e1s capacitados de la Defensa Nacional, \u00abrealizamos tarea de apoyo a la seguridad p\u00fablica y a la seguridad interior\u00bb, se\u00f1al\u00f3 el mando castrense.<\/p>\n<p class=\"nota-justify\">Entrevistado al t\u00e9rmino de una muestra para periodistas de lo que es el entrenamiento cotidiano de las Fuerzas Especiales, el general Romero L\u00edbano se\u00f1al\u00f3 que existe la posibilidad de que al igual que hace 35 a\u00f1os &#8211;cuando se crearon los primeros elementos de este tipo&#8211;, tambi\u00e9n colaboren con autoridades civiles en tareas de seguridad durante el Mundial de Futbol que se realizar\u00e1 en nuestro pa\u00eds el a\u00f1o pr\u00f3ximo.<\/p>\n<p class=\"nota-justify\">Para quienes buscan ingresar a las Fuerzas Especiales, primero deben causar alta como soldados, y luego de un tiempo en \u00e9l demuestren su disciplina y compromiso institucional, pueden postularse de manera voluntaria para participar en un proceso de selecci\u00f3n en el que de acuerdo con sus estad\u00edsticas, solamente tres de cada diez, superan las pruebas de resistencia f\u00edsica y mental.<\/p>\n<p class=\"nota-justify\">El origen de las Fuerzas Especiales, tiene su antecedente en enero de 1986, durante el \u00a0gobierno del presidente Miguel de la Madrid y a iniciativa del entonces titular de la entonces Secretar\u00eda de la Defensa Nacional, el general Juan Ar\u00e9valo Gardoqui, e inicialmente se les denomin\u00f3 Fuerza de Intervenci\u00f3n R\u00e1pida, con el fin de prevenir posibles actos terroristas durante el mundial de futbol \u201cM\u00e9xico 86\u201d.<\/p>\n<p class=\"nota-justify\">El personal que conform\u00f3 el pie veterano de este Cuerpo Especial, recibi\u00f3 su adiestramiento por parte de Fuerzas Especiales de Estados Unidos y la Gendarmer\u00eda Francesa.<\/p>\n<p class=\"nota-justify\">El 1 de agosto de 1990, el entonces secretario Antonio Rivielo Baz\u00e1n, orden\u00f3 el pase de revista de entrada del Grupo Aerom\u00f3vil de Fuerzas Especiales, estableciendo su matriz en la Plaza de La Paz Baja California Sur y tropas destacamentadas en el Salto, Pueblo Nuevo, en Durango, con lo cual se crearon oficialmente las Fuerzas Especiales.<\/p>\n","protected":false},"excerpt":{"rendered":"<p>A 39 a\u00f1os de su creaci\u00f3n, el Cuerpo de Fuerzas Especiales del Ej\u00e9rcito Mexicano est\u00e1 integrado por cuatro mil hombres<\/p>\n","protected":false},"author":4,"featured_media":68028,"comment_status":"closed","ping_status":"closed","sticky":false,"template":"","format":"standard","meta":{"colormag_page_container_layout":"default_layout","colormag_page_sidebar_layout":"default_layout","_jetpack_memberships_contains_paid_content":false,"footnotes":"","jetpack_publicize_message":"","jetpack_publicize_feature_enabled":true,"jetpack_social_post_already_shared":true,"jetpack_social_options":{"image_generator_settings":{"template":"highway","default_image_id":0,"font":"","enabled":false},"version":2}},"categories":[33],"tags":[],"class_list":["post-68027","post","type-post","status-publish","format-standard","has-post-thumbnail","hentry","category-nacional"],"jetpack_publicize_connections":[],"jetpack_featured_media_url":"https:\/\/i0.wp.com\/politicosaldesnudo.com.mx\/wp-content\/uploads\/2025\/08\/FUERZAS-400x240-1.jpg?fit=400%2C240&ssl=1","jetpack-related-posts":[],"jetpack_sharing_enabled":true,"_links":{"self":[{"href":"https:\/\/politicosaldesnudo.com.mx\/index.php\/wp-json\/wp\/v2\/posts\/68027","targetHints":{"allow":["GET"]}}],"collection":[{"href":"https:\/\/politicosaldesnudo.com.mx\/index.php\/wp-json\/wp\/v2\/posts"}],"about":[{"href":"https:\/\/politicosaldesnudo.com.mx\/index.php\/wp-json\/wp\/v2\/types\/post"}],"author":[{"embeddable":true,"href":"https:\/\/politicosaldesnudo.com.mx\/index.php\/wp-json\/wp\/v2\/users\/4"}],"replies":[{"embeddable":true,"href":"https:\/\/politicosaldesnudo.com.mx\/index.php\/wp-json\/wp\/v2\/comments?post=68027"}],"version-history":[{"count":0,"href":"https:\/\/politicosaldesnudo.com.mx\/index.php\/wp-json\/wp\/v2\/posts\/68027\/revisions"}],"wp:featuredmedia":[{"embeddable":true,"href":"https:\/\/politicosaldesnudo.com.mx\/index.php\/wp-json\/wp\/v2\/media\/68028"}],"wp:attachment":[{"href":"https:\/\/politicosaldesnudo.com.mx\/index.php\/wp-json\/wp\/v2\/media?parent=68027"}],"wp:term":[{"taxonomy":"category","embeddable":true,"href":"https:\/\/politicosaldesnudo.com.mx\/index.php\/wp-json\/wp\/v2\/categories?post=68027"},{"taxonomy":"post_tag","embeddable":true,"href":"https:\/\/politicosaldesnudo.com.mx\/index.php\/wp-json\/wp\/v2\/tags?post=68027"}],"curies":[{"name":"wp","href":"https:\/\/api.w.org\/{rel}","templated":true}]}}