{"id":68030,"date":"2025-08-02T02:33:06","date_gmt":"2025-08-02T08:33:06","guid":{"rendered":"https:\/\/politicosaldesnudo.com.mx\/?p=68030"},"modified":"2025-08-02T02:33:06","modified_gmt":"2025-08-02T08:33:06","slug":"reducir-la-pobreza-y-ejercer-el-poder-sin-lujos-mision-de-4t-sheinbaum","status":"publish","type":"post","link":"https:\/\/politicosaldesnudo.com.mx\/index.php\/2025\/08\/02\/reducir-la-pobreza-y-ejercer-el-poder-sin-lujos-mision-de-4t-sheinbaum\/","title":{"rendered":"Reducir la pobreza y ejercer el poder sin lujos, misi\u00f3n de 4T: Sheinbaum"},"content":{"rendered":"<p class=\"nota-justify\">La presidenta Claudia Sheinbaum Pardo afirm\u00f3 este viernes que la misi\u00f3n de los gobiernos de la Cuarta Transformaci\u00f3n es disminuir la pobreza y la desigualdad, estar cerca del pueblo y ejercer el poder con humildad, sin necesidad de lujos ni ostentaci\u00f3n.<\/p>\n<p class=\"nota-justify\">En su conferencia matutina en Palacio Nacional, la mandataria fue cuestionada sobre los recientes viajes vacacionales de pol\u00edticos de Morena, ante lo cual subray\u00f3 que el movimiento de transformaci\u00f3n debe guiarse por el principio de austeridad republicana.<\/p>\n<p class=\"nota-justify\">\u201cEl poder es humildad\u2026 los viajes lujosos y la vida lujosa no tienen que ver con el movimiento de transformaci\u00f3n\u201d, dijo Sheinbaum, al recordar que el presidente Andr\u00e9s Manuel L\u00f3pez Obrador impuls\u00f3 una forma de gobierno cercana al pueblo y sin privilegios.<\/p>\n<p class=\"nota-justify\">La Presidenta hizo referencia al ejemplo hist\u00f3rico de Benito Ju\u00e1rez, destacando su modestia y sencillez incluso despu\u00e9s de haber sido gobernador de Oaxaca. \u201cSu pensamiento profundo y su forma de vivir marcaron para siempre la vida p\u00fablica del pa\u00eds\u201d, expres\u00f3.<\/p>\n<p class=\"nota-justify\">Sheinbaum tambi\u00e9n resalt\u00f3 que la austeridad no depende del origen social o econ\u00f3mico de los servidores p\u00fablicos, pues \u201cno importa si vienes de una familia humilde, de clase media o del sector empresarial, al llegar al servicio p\u00fablico debes actuar con sencillez y compromiso con el pueblo\u201d.<\/p>\n<p class=\"nota-justify\">Como ejemplo, mencion\u00f3 al empresario Carlos Slim, de quien dijo que, a pesar de su riqueza, \u201cno vive con grandes opulencias y maneja su propio veh\u00edculo\u201d, mientras que otros empresarios presumen lujos.<\/p>\n<p class=\"nota-justify\">\u201cLa cercan\u00eda con el pueblo, la disminuci\u00f3n de la pobreza y el bienestar social son nuestra verdadera misi\u00f3n, y para eso no se necesitan lujos\u201d, concluy\u00f3.<\/p>\n","protected":false},"excerpt":{"rendered":"<p>La presidenta Claudia Sheinbaum Pardo afirm\u00f3 este viernes que la misi\u00f3n de los gobiernos de la Cuarta Transformaci\u00f3n es disminuir<\/p>\n","protected":false},"author":4,"featured_media":68031,"comment_status":"closed","ping_status":"closed","sticky":false,"template":"","format":"standard","meta":{"colormag_page_container_layout":"default_layout","colormag_page_sidebar_layout":"default_layout","_jetpack_memberships_contains_paid_content":false,"footnotes":"","jetpack_publicize_message":"","jetpack_publicize_feature_enabled":true,"jetpack_social_post_already_shared":true,"jetpack_social_options":{"image_generator_settings":{"template":"highway","default_image_id":0,"font":"","enabled":false},"version":2}},"categories":[33],"tags":[],"class_list":["post-68030","post","type-post","status-publish","format-standard","has-post-thumbnail","hentry","category-nacional"],"jetpack_publicize_connections":[],"jetpack_featured_media_url":"https:\/\/i0.wp.com\/politicosaldesnudo.com.mx\/wp-content\/uploads\/2025\/08\/estup.jpg?fit=776%2C510&ssl=1","jetpack-related-posts":[],"jetpack_sharing_enabled":true,"_links":{"self":[{"href":"https:\/\/politicosaldesnudo.com.mx\/index.php\/wp-json\/wp\/v2\/posts\/68030","targetHints":{"allow":["GET"]}}],"collection":[{"href":"https:\/\/politicosaldesnudo.com.mx\/index.php\/wp-json\/wp\/v2\/posts"}],"about":[{"href":"https:\/\/politicosaldesnudo.com.mx\/index.php\/wp-json\/wp\/v2\/types\/post"}],"author":[{"embeddable":true,"href":"https:\/\/politicosaldesnudo.com.mx\/index.php\/wp-json\/wp\/v2\/users\/4"}],"replies":[{"embeddable":true,"href":"https:\/\/politicosaldesnudo.com.mx\/index.php\/wp-json\/wp\/v2\/comments?post=68030"}],"version-history":[{"count":0,"href":"https:\/\/politicosaldesnudo.com.mx\/index.php\/wp-json\/wp\/v2\/posts\/68030\/revisions"}],"wp:featuredmedia":[{"embeddable":true,"href":"https:\/\/politicosaldesnudo.com.mx\/index.php\/wp-json\/wp\/v2\/media\/68031"}],"wp:attachment":[{"href":"https:\/\/politicosaldesnudo.com.mx\/index.php\/wp-json\/wp\/v2\/media?parent=68030"}],"wp:term":[{"taxonomy":"category","embeddable":true,"href":"https:\/\/politicosaldesnudo.com.mx\/index.php\/wp-json\/wp\/v2\/categories?post=68030"},{"taxonomy":"post_tag","embeddable":true,"href":"https:\/\/politicosaldesnudo.com.mx\/index.php\/wp-json\/wp\/v2\/tags?post=68030"}],"curies":[{"name":"wp","href":"https:\/\/api.w.org\/{rel}","templated":true}]}}