{"id":68063,"date":"2025-08-02T02:51:56","date_gmt":"2025-08-02T08:51:56","guid":{"rendered":"https:\/\/politicosaldesnudo.com.mx\/?p=68063"},"modified":"2025-08-02T02:51:56","modified_gmt":"2025-08-02T08:51:56","slug":"brasil-no-se-doblegara-ante-amenazas-de-eu-dice-juez","status":"publish","type":"post","link":"https:\/\/politicosaldesnudo.com.mx\/index.php\/2025\/08\/02\/brasil-no-se-doblegara-ante-amenazas-de-eu-dice-juez\/","title":{"rendered":"Brasil no se doblegar\u00e1 ante \u00abamenazas\u00bb de EU dice juez"},"content":{"rendered":"<p class=\"nota-justify\">El juez de la corte suprema de Brasil a cargo del juicio contra el ex presidente Jair Bolsonaro afirm\u00f3 este viernes que va a \u00abignorar\u00bb las sanciones de Estados Unidos, y que la justicia brasile\u00f1a \u00abno se doblegar\u00e1\u00bb ante las \u00abamenazas\u00bb.<\/p>\n<p class=\"nota-justify\">El gobierno de Donald Trump le impuso el pasado mi\u00e9rcoles sanciones econ\u00f3micas al magistrado Alexandre de Moraes, al que acusa de una \u00abcaza de brujas ilegal contra ciudadanos y empresas estadunidenses y brasile\u00f1as\u00bb.<\/p>\n<p class=\"nota-justify\">Despu\u00e9s de esas medidas, y de una subida arancelaria a las exportaciones brasile\u00f1as confirmada el jueves por Washington, el juez se pronunci\u00f3 durante una sesi\u00f3n muy esperada del plenario del Supremo Tribunal Federal.<\/p>\n<p class=\"nota-justify\">En un tono duro, durante un discurso transmitido en vivo por las emisoras brasile\u00f1as, Moraes dijo que va \u00aba ignorar las sanciones\u00bb y \u00abcontinuar trabajando\u00bb.<\/p>\n<p class=\"nota-justify\">\u00abNo solo esta corte, la Procuradur\u00eda General de la Rep\u00fablica y la Polic\u00eda Federal no se doblegar\u00e1n ante las amenazas\u00bb, a\u00f1adi\u00f3 el juez.<\/p>\n<p class=\"nota-justify\">Moraes, a quien Estados Unidos ya hab\u00eda revocado la visa, fue objeto de sanciones financieras personales en virtud de la ley Magnistky, un instrumento para castigar a personas acusadas de violaciones a los derechos humanos en el mundo.<\/p>\n<p class=\"nota-justify\">Seg\u00fan la Casa Blanca, Moraes \u00abha abusado de su autoridad judicial para amenazar, se\u00f1alar e intimidar a miles de sus oponentes pol\u00edticos\u00bb en coordinaci\u00f3n con otros jueces de la alta corte brasile\u00f1a.<\/p>\n","protected":false},"excerpt":{"rendered":"<p>El juez de la corte suprema de Brasil a cargo del juicio contra el ex presidente Jair Bolsonaro afirm\u00f3 este<\/p>\n","protected":false},"author":4,"featured_media":68064,"comment_status":"closed","ping_status":"closed","sticky":false,"template":"","format":"standard","meta":{"colormag_page_container_layout":"default_layout","colormag_page_sidebar_layout":"default_layout","_jetpack_memberships_contains_paid_content":false,"footnotes":"","jetpack_publicize_message":"","jetpack_publicize_feature_enabled":true,"jetpack_social_post_already_shared":true,"jetpack_social_options":{"image_generator_settings":{"template":"highway","default_image_id":0,"font":"","enabled":false},"version":2}},"categories":[28],"tags":[],"class_list":["post-68063","post","type-post","status-publish","format-standard","has-post-thumbnail","hentry","category-internacional"],"jetpack_publicize_connections":[],"jetpack_featured_media_url":"https:\/\/i0.wp.com\/politicosaldesnudo.com.mx\/wp-content\/uploads\/2025\/08\/jubra.jpg?fit=731%2C502&ssl=1","jetpack-related-posts":[],"jetpack_sharing_enabled":true,"_links":{"self":[{"href":"https:\/\/politicosaldesnudo.com.mx\/index.php\/wp-json\/wp\/v2\/posts\/68063","targetHints":{"allow":["GET"]}}],"collection":[{"href":"https:\/\/politicosaldesnudo.com.mx\/index.php\/wp-json\/wp\/v2\/posts"}],"about":[{"href":"https:\/\/politicosaldesnudo.com.mx\/index.php\/wp-json\/wp\/v2\/types\/post"}],"author":[{"embeddable":true,"href":"https:\/\/politicosaldesnudo.com.mx\/index.php\/wp-json\/wp\/v2\/users\/4"}],"replies":[{"embeddable":true,"href":"https:\/\/politicosaldesnudo.com.mx\/index.php\/wp-json\/wp\/v2\/comments?post=68063"}],"version-history":[{"count":0,"href":"https:\/\/politicosaldesnudo.com.mx\/index.php\/wp-json\/wp\/v2\/posts\/68063\/revisions"}],"wp:featuredmedia":[{"embeddable":true,"href":"https:\/\/politicosaldesnudo.com.mx\/index.php\/wp-json\/wp\/v2\/media\/68064"}],"wp:attachment":[{"href":"https:\/\/politicosaldesnudo.com.mx\/index.php\/wp-json\/wp\/v2\/media?parent=68063"}],"wp:term":[{"taxonomy":"category","embeddable":true,"href":"https:\/\/politicosaldesnudo.com.mx\/index.php\/wp-json\/wp\/v2\/categories?post=68063"},{"taxonomy":"post_tag","embeddable":true,"href":"https:\/\/politicosaldesnudo.com.mx\/index.php\/wp-json\/wp\/v2\/tags?post=68063"}],"curies":[{"name":"wp","href":"https:\/\/api.w.org\/{rel}","templated":true}]}}