{"id":68095,"date":"2025-08-04T00:05:06","date_gmt":"2025-08-04T06:05:06","guid":{"rendered":"https:\/\/politicosaldesnudo.com.mx\/?p=68095"},"modified":"2025-08-03T22:16:19","modified_gmt":"2025-08-04T04:16:19","slug":"la-4t-ha-recuperado-la-dignidad-del-pueblo-de-mexico-afirma-claudia-sheinbaum","status":"publish","type":"post","link":"https:\/\/politicosaldesnudo.com.mx\/index.php\/2025\/08\/04\/la-4t-ha-recuperado-la-dignidad-del-pueblo-de-mexico-afirma-claudia-sheinbaum\/","title":{"rendered":"La 4T ha recuperado la dignidad del pueblo de M\u00e9xico, afirma Claudia Sheinbaum"},"content":{"rendered":"<p class=\"nota-justify\">La presidenta Claudia Sheinbaum Pardo asegur\u00f3 que \u00abla Cuarta Transformaci\u00f3n ha recuperado la dignidad del pueblo de M\u00e9xico\u00bb, durante una asamblea del Fondo de Aportaciones para la Infraestructura Social para Pueblos y Comunidades Ind\u00edgenas y Afromexicanas (FAISPIAM) realizada en el \u00abPueblo M\u00e1gico\u00bb de Amealco de Bonfil, Quer\u00e9taro, en la que estuvo acompa\u00f1ada por la Secretaria del Bienestar, Ariadna Montiel Reyes, y Rosa Icela Rodr\u00edguez, titular de Gobernaci\u00f3n.<\/p>\n<p class=\"nota-justify\">\u00abCuando la presidenta se sienta a hablar con cualquier otro presidente del mundo, incluido el de Estados Unidos, hay una fuerza que nos da el valor, la entrega y el reconocimiento; es una fuerza \u00fanica que se llama pueblo de M\u00e9xico\u00bb, destac\u00f3.<\/p>\n<p class=\"nota-justify\">Tambi\u00e9n, gracias a la lucha y resistencia de los pueblos ind\u00edgenas y afrodescendientes, pero tambi\u00e9n del \u00ab&#8216;Movimiento de Transformaci\u00f3n que representamos\u00bb, por primera vez, estos sectores sociales han sido reconocidos por la Constituci\u00f3n.<\/p>\n<p class=\"nota-justify\">\u00abHay cuatro niveles de gobierno: federal, estatal, municipal y por primera, vez el de los pueblos ind\u00edgenas y afrodescendientes\u00bb, subray\u00f3 Sheinbaum.<\/p>\n<p class=\"nota-justify\">Gracias a ese reconocimiento, puntualiz\u00f3 la mandataria, el presupuesto ya no s\u00f3lo se divide entre la Federaci\u00f3n, los gobiernos de los estados, y de los municipios sino tambi\u00e9n entre las comunidades ind\u00edgenas y afrodescendientes, las cuales reciben los recursos de manera directa, sin intermediarios, y lo aplican en base a sus usos y costumbres.<\/p>\n<p class=\"nota-justify\">Explic\u00f3 que esto qued\u00f3 plenamente establecido en el art\u00edculo segundo de la Carta Magna, que reconoce la composici\u00f3n pluricultural de la naci\u00f3n mexicana, sustentada originalmente en sus pueblos ind\u00edgenas.<\/p>\n<p class=\"nota-justify\">Este art\u00edculo estipula que los pueblos ind\u00edgenas son libres e iguales ante la ley y tienen derecho a la libre determinaci\u00f3n, as\u00ed como a la preservaci\u00f3n de su cultura, lenguas y conocimientos.<\/p>\n<p class=\"nota-justify\">Tras hacer una rese\u00f1a hist\u00f3rica de la historia de M\u00e9xico, Claudia Sheinbaum coment\u00f3 que tambi\u00e9n gracias a las reformas que impuls\u00f3 la Cuarta Transformaci\u00f3n para la elecci\u00f3n de las personas juzgadoras, por primera vez la Suprema Corte de Justicia de la Naci\u00f3n ser\u00e1 encabezada por un ind\u00edgena, Hugo Aguilar Ortiz por el voto de 17 millones de mexicanos y \u00abno de unos cuantos senadores y la presidenta\u00bb.<\/p>\n<p class=\"nota-justify\">Sin la asistencia del gobernador de Quer\u00e9taro, el panista Mauricio Kuri Gonz\u00e1lez, la Presidenta fue recibida con gran calidez y ambiente de fiesta por hombres y mujeres ind\u00edgenas que desde temprana hora de est\u00e9 domingo, se presentaron para darle la bienvenida a las afueras del Centro Coordinador de Pueblos Ind\u00edgenas (CCPI) ubicado en el \u00abPueblo M\u00e1gico\u00bb de Amealco de Bonfil,al sur del estado de Quer\u00e9taro.<\/p>\n<p class=\"nota-justify\">Esto a pesar de que amanecio fr\u00edo y con neblina.<\/p>\n<p class=\"nota-justify\">Tambi\u00e9n se\u00f1al\u00f3 que tras casi siete a\u00f1os de gobiernos morenistas, salieron de la pobreza 11 millones de mexicanos y se redujeron las desigualdades, porque en vez de gobernar para \u201clos de arriba se gobierna para el que menos tiene\u201d.<\/p>\n","protected":false},"excerpt":{"rendered":"<p>La presidenta Claudia Sheinbaum Pardo asegur\u00f3 que \u00abla Cuarta Transformaci\u00f3n ha recuperado la dignidad del pueblo de M\u00e9xico\u00bb, durante una<\/p>\n","protected":false},"author":4,"featured_media":68096,"comment_status":"closed","ping_status":"closed","sticky":false,"template":"","format":"standard","meta":{"colormag_page_container_layout":"default_layout","colormag_page_sidebar_layout":"default_layout","_jetpack_memberships_contains_paid_content":false,"footnotes":"","jetpack_publicize_message":"","jetpack_publicize_feature_enabled":true,"jetpack_social_post_already_shared":true,"jetpack_social_options":{"image_generator_settings":{"template":"highway","default_image_id":0,"font":"","enabled":false},"version":2}},"categories":[33],"tags":[],"class_list":["post-68095","post","type-post","status-publish","format-standard","has-post-thumbnail","hentry","category-nacional"],"jetpack_publicize_connections":[],"jetpack_featured_media_url":"https:\/\/i0.wp.com\/politicosaldesnudo.com.mx\/wp-content\/uploads\/2025\/08\/PAY.jpg?fit=788%2C525&ssl=1","jetpack-related-posts":[],"jetpack_sharing_enabled":true,"_links":{"self":[{"href":"https:\/\/politicosaldesnudo.com.mx\/index.php\/wp-json\/wp\/v2\/posts\/68095","targetHints":{"allow":["GET"]}}],"collection":[{"href":"https:\/\/politicosaldesnudo.com.mx\/index.php\/wp-json\/wp\/v2\/posts"}],"about":[{"href":"https:\/\/politicosaldesnudo.com.mx\/index.php\/wp-json\/wp\/v2\/types\/post"}],"author":[{"embeddable":true,"href":"https:\/\/politicosaldesnudo.com.mx\/index.php\/wp-json\/wp\/v2\/users\/4"}],"replies":[{"embeddable":true,"href":"https:\/\/politicosaldesnudo.com.mx\/index.php\/wp-json\/wp\/v2\/comments?post=68095"}],"version-history":[{"count":0,"href":"https:\/\/politicosaldesnudo.com.mx\/index.php\/wp-json\/wp\/v2\/posts\/68095\/revisions"}],"wp:featuredmedia":[{"embeddable":true,"href":"https:\/\/politicosaldesnudo.com.mx\/index.php\/wp-json\/wp\/v2\/media\/68096"}],"wp:attachment":[{"href":"https:\/\/politicosaldesnudo.com.mx\/index.php\/wp-json\/wp\/v2\/media?parent=68095"}],"wp:term":[{"taxonomy":"category","embeddable":true,"href":"https:\/\/politicosaldesnudo.com.mx\/index.php\/wp-json\/wp\/v2\/categories?post=68095"},{"taxonomy":"post_tag","embeddable":true,"href":"https:\/\/politicosaldesnudo.com.mx\/index.php\/wp-json\/wp\/v2\/tags?post=68095"}],"curies":[{"name":"wp","href":"https:\/\/api.w.org\/{rel}","templated":true}]}}