{"id":68098,"date":"2025-08-04T00:06:43","date_gmt":"2025-08-04T06:06:43","guid":{"rendered":"https:\/\/politicosaldesnudo.com.mx\/?p=68098"},"modified":"2025-08-03T22:17:41","modified_gmt":"2025-08-04T04:17:41","slug":"eu-no-seria-lo-que-es-hoy-sin-los-migrantes-claudia-sheinbaum","status":"publish","type":"post","link":"https:\/\/politicosaldesnudo.com.mx\/index.php\/2025\/08\/04\/eu-no-seria-lo-que-es-hoy-sin-los-migrantes-claudia-sheinbaum\/","title":{"rendered":"EU no ser\u00eda lo que es hoy sin los migrantes: Claudia Sheinbaum"},"content":{"rendered":"<p>Las y los migrantes mexicanos han construido Estados Unidos y \u201csi no fuera por su trabajo, ese pa\u00eds no ser\u00eda lo que es hoy\u201d, afirm\u00f3 este s\u00e1bado la presidenta Claudia Sheinbaum Pardo durante la inauguraci\u00f3n del Centro de Atenci\u00f3n de Becas para el Bienestar en Celaya, Guanajuato.<\/p>\n<p>La mandataria envi\u00f3 un mensaje a las familias guanajuatenses con parientes en Estados Unidos: \u201cEstamos cerca de ellos, desde los consulados los apoyamos y, si desean regresar, siempre ser\u00e1n recibidos con los brazos abiertos\u201d. Record\u00f3 que M\u00e9xico \u201cse escribe con M de migrante\u201d y subray\u00f3 que los migrantes \u201cno solo ayudan, sino que han construido Estados Unidos\u201d.<\/p>\n<p>El acto protocolario, que comenz\u00f3 con cerca de dos horas de retraso, cont\u00f3 con la presencia de la gobernadora Libia Dennise Garc\u00eda Mu\u00f1oz Ledo; las secretarias de Gobernaci\u00f3n, Rosa Icela Rodr\u00edguez; de Bienestar, Ariadna Montiel; de Educaci\u00f3n, Mario Delgado; as\u00ed como funcionarios federales y locales.<\/p>\n<p>Sheinbaum abord\u00f3 tambi\u00e9n la situaci\u00f3n de seguridad en el estado. Reconoci\u00f3 que Guanajuato enfrenta retos importantes en la materia, pero asegur\u00f3 que su gobierno trabaja todos los d\u00edas para mejorar las condiciones y que la coordinaci\u00f3n con autoridades estatales y municipales es permanente: \u201cSabemos que todav\u00eda hay temas de seguridad, lo sabemos, y estamos trabajando todos los d\u00edas para ello. En eso no hay diferencias, siempre nos ponemos de acuerdo por el bienestar de los habitantes de Guanajuato\u201d.<\/p>\n<p>La presidenta destac\u00f3 la ampliaci\u00f3n del programa de becas educativas para el nivel b\u00e1sico con la Beca Rita Cetina, con el objetivo de garantizar igualdad de condiciones para ni\u00f1as, ni\u00f1os y adolescentes que asisten a escuelas p\u00fablicas. Record\u00f3 que este apoyo es universal porque \u201cqueremos que todos lleguen parejos a la escuela\u201d.<\/p>\n<p>El secretario de Educaci\u00f3n, Mario Delgado, inform\u00f3 que en Guanajuato hay actualmente 420 mil 656 beneficiarios de la beca Rita Cetina para educaci\u00f3n b\u00e1sica, 179 mil 772 estudiantes con la beca Benito Ju\u00e1rez de preparatoria y 17 mil 900 en educaci\u00f3n superior. Adem\u00e1s, se\u00f1al\u00f3 que el gobierno federal destina 790 millones de pesos al programa \u201cLa Escuela es Nuestra\u201d en la entidad, que busca mejorar la infraestructura escolar.<\/p>\n<p>Sheinbaum anunci\u00f3 tambi\u00e9n que su administraci\u00f3n trabaja para ampliar la oferta de preparatorias en Celaya, mediante la transformaci\u00f3n de secundarias sin turno vespertino, y confirm\u00f3 que se construir\u00e1 una nueva unidad de medicina familiar del IMSS en la ciudad.<\/p>\n","protected":false},"excerpt":{"rendered":"<p>Las y los migrantes mexicanos han construido Estados Unidos y \u201csi no fuera por su trabajo, ese pa\u00eds no ser\u00eda<\/p>\n","protected":false},"author":4,"featured_media":68099,"comment_status":"closed","ping_status":"closed","sticky":false,"template":"","format":"standard","meta":{"colormag_page_container_layout":"default_layout","colormag_page_sidebar_layout":"default_layout","_jetpack_memberships_contains_paid_content":false,"footnotes":"","jetpack_publicize_message":"","jetpack_publicize_feature_enabled":true,"jetpack_social_post_already_shared":true,"jetpack_social_options":{"image_generator_settings":{"template":"highway","default_image_id":0,"font":"","enabled":false},"version":2}},"categories":[33],"tags":[],"class_list":["post-68098","post","type-post","status-publish","format-standard","has-post-thumbnail","hentry","category-nacional"],"jetpack_publicize_connections":[],"jetpack_featured_media_url":"https:\/\/i0.wp.com\/politicosaldesnudo.com.mx\/wp-content\/uploads\/2025\/08\/PAEO.jpg?fit=761%2C506&ssl=1","jetpack-related-posts":[],"jetpack_sharing_enabled":true,"_links":{"self":[{"href":"https:\/\/politicosaldesnudo.com.mx\/index.php\/wp-json\/wp\/v2\/posts\/68098","targetHints":{"allow":["GET"]}}],"collection":[{"href":"https:\/\/politicosaldesnudo.com.mx\/index.php\/wp-json\/wp\/v2\/posts"}],"about":[{"href":"https:\/\/politicosaldesnudo.com.mx\/index.php\/wp-json\/wp\/v2\/types\/post"}],"author":[{"embeddable":true,"href":"https:\/\/politicosaldesnudo.com.mx\/index.php\/wp-json\/wp\/v2\/users\/4"}],"replies":[{"embeddable":true,"href":"https:\/\/politicosaldesnudo.com.mx\/index.php\/wp-json\/wp\/v2\/comments?post=68098"}],"version-history":[{"count":0,"href":"https:\/\/politicosaldesnudo.com.mx\/index.php\/wp-json\/wp\/v2\/posts\/68098\/revisions"}],"wp:featuredmedia":[{"embeddable":true,"href":"https:\/\/politicosaldesnudo.com.mx\/index.php\/wp-json\/wp\/v2\/media\/68099"}],"wp:attachment":[{"href":"https:\/\/politicosaldesnudo.com.mx\/index.php\/wp-json\/wp\/v2\/media?parent=68098"}],"wp:term":[{"taxonomy":"category","embeddable":true,"href":"https:\/\/politicosaldesnudo.com.mx\/index.php\/wp-json\/wp\/v2\/categories?post=68098"},{"taxonomy":"post_tag","embeddable":true,"href":"https:\/\/politicosaldesnudo.com.mx\/index.php\/wp-json\/wp\/v2\/tags?post=68098"}],"curies":[{"name":"wp","href":"https:\/\/api.w.org\/{rel}","templated":true}]}}