{"id":68101,"date":"2025-08-04T00:07:28","date_gmt":"2025-08-04T06:07:28","guid":{"rendered":"https:\/\/politicosaldesnudo.com.mx\/?p=68101"},"modified":"2025-08-03T22:19:45","modified_gmt":"2025-08-04T04:19:45","slug":"crea-sheinbaum-comision-para-la-reforma-electoral","status":"publish","type":"post","link":"https:\/\/politicosaldesnudo.com.mx\/index.php\/2025\/08\/04\/crea-sheinbaum-comision-para-la-reforma-electoral\/","title":{"rendered":"Crea Sheinbaum comisi\u00f3n para la reforma electoral"},"content":{"rendered":"<p class=\"nota-justify\">La presidenta Claudia Sheinbaum Pardo cre\u00f3 la Comisi\u00f3n Presidencial para la Reforma Electoral, que ser\u00e1 dirigida por Pablo G\u00f3mez \u00c1lvarez, quien dej\u00f3 su cargo como titular de la Unidad de Inteligencia Financiera (UIF), dependiente de la Secretar\u00eda de Hacienda, inform\u00f3 ayer el gobierno federal<\/p>\n<p class=\"nota-justify\">Este nuevo \u00f3rgano tendr\u00e1 como misi\u00f3n principal revisar a fondo el sistema electoral y de partidos en el pa\u00eds, as\u00ed como dise\u00f1ar una reforma legislativa acorde con los tiempos actuales, centrada en la democracia y en la participaci\u00f3n del pueblo, seg\u00fan una tarjeta informativa.<\/p>\n<p class=\"nota-justify\">El gobierno federal detall\u00f3 que la comisi\u00f3n trabajar\u00e1 en dos etapas. Primero, realizar\u00e1 un diagn\u00f3stico integral sobre el estado que guarda el modelo electoral mexicano, incluyendo el funcionamiento de los partidos pol\u00edticos, la representaci\u00f3n popular y los mecanismos de participaci\u00f3n ciudadana. Despu\u00e9s, elaborar\u00e1 una propuesta de reforma legislativa que est\u00e9 acorde con los tiempos actuales en M\u00e9xico, donde se pongan en el centro la democracia y el pueblo.<\/p>\n<p class=\"nota-justify\">En los pr\u00f3ximos d\u00edas, Sheinbaum Pardo dar\u00e1 a conocer la lista completa de integrantes de la comisi\u00f3n, la cual trabajar\u00e1 de manera coordinada con legisladores, especialistas, acad\u00e9micos, organizaciones de la sociedad civil y ciudadan\u00eda.<\/p>\n<p class=\"nota-justify\">Entre sus responsabilidades, tambi\u00e9n se contempla analizar nuevas figuras de representaci\u00f3n y herramientas para ampliar la intervenci\u00f3n directa de los mexicanos en la vida p\u00fablica.<\/p>\n<p class=\"nota-justify\">G\u00f3mez \u00c1lvarez, quien asumir\u00e1 la presidencia de la comisi\u00f3n, es licenciado en econom\u00eda por la UNAM y cuenta con una amplia trayectoria pol\u00edtica y acad\u00e9mica, destac\u00f3 el gobierno. Fue cuatro veces diputado federal y senador de la Rep\u00fablica. Adem\u00e1s, es autor y coautor de diversos libros, conferencista y articu\u00adlista en medios nacionales.<\/p>\n<p class=\"nota-justify\">El gobierno record\u00f3 que G\u00f3mez ha sido art\u00edfice de reformas pol\u00edtico-electorales previas, con el objetivo de consolidar un sistema democr\u00e1tico m\u00e1s s\u00f3lido, representativo y cercano a la ciudadan\u00eda.<\/p>\n","protected":false},"excerpt":{"rendered":"<p>La presidenta Claudia Sheinbaum Pardo cre\u00f3 la Comisi\u00f3n Presidencial para la Reforma Electoral, que ser\u00e1 dirigida por Pablo G\u00f3mez \u00c1lvarez,<\/p>\n","protected":false},"author":4,"featured_media":68102,"comment_status":"closed","ping_status":"closed","sticky":false,"template":"","format":"standard","meta":{"colormag_page_container_layout":"default_layout","colormag_page_sidebar_layout":"default_layout","_jetpack_memberships_contains_paid_content":false,"footnotes":"","jetpack_publicize_message":"","jetpack_publicize_feature_enabled":true,"jetpack_social_post_already_shared":true,"jetpack_social_options":{"image_generator_settings":{"template":"highway","default_image_id":0,"font":"","enabled":false},"version":2}},"categories":[33],"tags":[],"class_list":["post-68101","post","type-post","status-publish","format-standard","has-post-thumbnail","hentry","category-nacional"],"jetpack_publicize_connections":[],"jetpack_featured_media_url":"https:\/\/i0.wp.com\/politicosaldesnudo.com.mx\/wp-content\/uploads\/2025\/08\/post_WhatsApp_Image_2025-07-31_at_11.00.52_AM.jpeg?fit=650%2C380&ssl=1","jetpack-related-posts":[],"jetpack_sharing_enabled":true,"_links":{"self":[{"href":"https:\/\/politicosaldesnudo.com.mx\/index.php\/wp-json\/wp\/v2\/posts\/68101","targetHints":{"allow":["GET"]}}],"collection":[{"href":"https:\/\/politicosaldesnudo.com.mx\/index.php\/wp-json\/wp\/v2\/posts"}],"about":[{"href":"https:\/\/politicosaldesnudo.com.mx\/index.php\/wp-json\/wp\/v2\/types\/post"}],"author":[{"embeddable":true,"href":"https:\/\/politicosaldesnudo.com.mx\/index.php\/wp-json\/wp\/v2\/users\/4"}],"replies":[{"embeddable":true,"href":"https:\/\/politicosaldesnudo.com.mx\/index.php\/wp-json\/wp\/v2\/comments?post=68101"}],"version-history":[{"count":0,"href":"https:\/\/politicosaldesnudo.com.mx\/index.php\/wp-json\/wp\/v2\/posts\/68101\/revisions"}],"wp:featuredmedia":[{"embeddable":true,"href":"https:\/\/politicosaldesnudo.com.mx\/index.php\/wp-json\/wp\/v2\/media\/68102"}],"wp:attachment":[{"href":"https:\/\/politicosaldesnudo.com.mx\/index.php\/wp-json\/wp\/v2\/media?parent=68101"}],"wp:term":[{"taxonomy":"category","embeddable":true,"href":"https:\/\/politicosaldesnudo.com.mx\/index.php\/wp-json\/wp\/v2\/categories?post=68101"},{"taxonomy":"post_tag","embeddable":true,"href":"https:\/\/politicosaldesnudo.com.mx\/index.php\/wp-json\/wp\/v2\/tags?post=68101"}],"curies":[{"name":"wp","href":"https:\/\/api.w.org\/{rel}","templated":true}]}}