{"id":68104,"date":"2025-08-04T00:08:15","date_gmt":"2025-08-04T06:08:15","guid":{"rendered":"https:\/\/politicosaldesnudo.com.mx\/?p=68104"},"modified":"2025-08-03T22:22:25","modified_gmt":"2025-08-04T04:22:25","slug":"supervisa-harfuch-avances-en-la-estrategia-de-seguridad-para-sinaloa","status":"publish","type":"post","link":"https:\/\/politicosaldesnudo.com.mx\/index.php\/2025\/08\/04\/supervisa-harfuch-avances-en-la-estrategia-de-seguridad-para-sinaloa\/","title":{"rendered":"Supervisa Harfuch avances en la estrategia de seguridad para Sinaloa"},"content":{"rendered":"<p class=\"nota-justify\">El secretario de Seguridad y Protecci\u00f3n Ciudadana, Omar Garc\u00eda Harfuch, encabez\u00f3 este domingo, junto con integrantes del gabinete de seguridad federal, la segunda visita quincenal a Sinaloa para supervisar los avances de la estrategia de seguridad y dialogar con empresarios sobre la reactivaci\u00f3n econ\u00f3mica en la entidad.<\/p>\n<p class=\"nota-justify\">Durante la jornada se informaron resultados recientes, entre ellos la incautaci\u00f3n de m\u00e1s de 10 toneladas de diversas sustancias y un enfrentamiento ocurrido horas antes en el municipio de San Ignacio, donde elementos de la Marina se enfrentaron con presuntos criminales, con un saldo de dos detenidos y un agresor abatido.<\/p>\n<p class=\"nota-justify\">La reuni\u00f3n del gabinete, en la que particip\u00f3 el gobernador, Rub\u00e9n Rocha Moya, se llev\u00f3 a cabo en la Base A\u00e9rea Militar n\u00famero 10, en Culiac\u00e1n. M\u00e1s tarde, las autoridades sostuvieron un encuentro con empresarios de la C\u00e1mara Nacional de la Industria de Radio y Televisi\u00f3n (CIRT).<\/p>\n<p class=\"nota-justify\">\u201cPor instrucciones de la Presidenta @Claudiashein, el Gabinete de Seguridad estar\u00e1 cada 15 d\u00edas en #Sinaloa para informar avances. En las \u00faltimas dos semanas: 65 detenidos, 116 armas aseguradas, 24 mil cartuchos, 9 laboratorios desmantelados, casi 10 toneladas de droga incautada.<\/p>\n<p class=\"nota-justify\">\u00abEsta ma\u00f1ana, en San Ignacio, Sinaloa elementos de @SEMAR_mx fueron agredidos por sujetos armados. Al repeler la agresi\u00f3n: 2 detenidos, 1 agresor falleci\u00f3; 8 armas largas, 7 granadas, 1 lanzagranadas asegurados. En Culiac\u00e1n hoy sostuvimos una reuni\u00f3n con la C\u00e1mara Nacional de la Industria de Radio y Televisi\u00f3n\u201d, public\u00f3 el secretario Garc\u00eda Harfuch en redes sociales.<\/p>\n<p class=\"nota-justify\">El pasado 20 de julio, desde Culiac\u00e1n, el titular de la Secretar\u00eda de Seguridad y Protecci\u00f3n Ciudadana (SSPC), inform\u00f3 que \u00abpor instrucciones de la Presidenta de la rep\u00fablica, el Gabinete de Seguridad estaremos viniendo cada 15 d\u00edas a hacer una evaluaci\u00f3n de la estrategia, esto, sumado a las visitas que hace peri\u00f3dicamente el secretario de la Defensa Nacional, el Almirante secretario y su servidor\u201d.<\/p>\n<p class=\"nota-justify\">Este domingo, en la mesa de seguridad del gobierno federal participaron tambi\u00e9n los titulares de la Secretar\u00eda de Marina, de la Guardia Nacional y el secretario de Seguridad P\u00fablica Estatal.<\/p>\n","protected":false},"excerpt":{"rendered":"<p>El secretario de Seguridad y Protecci\u00f3n Ciudadana, Omar Garc\u00eda Harfuch, encabez\u00f3 este domingo, junto con integrantes del gabinete de seguridad<\/p>\n","protected":false},"author":4,"featured_media":68105,"comment_status":"closed","ping_status":"closed","sticky":false,"template":"","format":"standard","meta":{"colormag_page_container_layout":"default_layout","colormag_page_sidebar_layout":"default_layout","_jetpack_memberships_contains_paid_content":false,"footnotes":"","jetpack_publicize_message":"","jetpack_publicize_feature_enabled":true,"jetpack_social_post_already_shared":true,"jetpack_social_options":{"image_generator_settings":{"template":"highway","default_image_id":0,"font":"","enabled":false},"version":2}},"categories":[33],"tags":[],"class_list":["post-68104","post","type-post","status-publish","format-standard","has-post-thumbnail","hentry","category-nacional"],"jetpack_publicize_connections":[],"jetpack_featured_media_url":"https:\/\/i0.wp.com\/politicosaldesnudo.com.mx\/wp-content\/uploads\/2025\/08\/PAPE.jpg?fit=726%2C479&ssl=1","jetpack-related-posts":[],"jetpack_sharing_enabled":true,"_links":{"self":[{"href":"https:\/\/politicosaldesnudo.com.mx\/index.php\/wp-json\/wp\/v2\/posts\/68104","targetHints":{"allow":["GET"]}}],"collection":[{"href":"https:\/\/politicosaldesnudo.com.mx\/index.php\/wp-json\/wp\/v2\/posts"}],"about":[{"href":"https:\/\/politicosaldesnudo.com.mx\/index.php\/wp-json\/wp\/v2\/types\/post"}],"author":[{"embeddable":true,"href":"https:\/\/politicosaldesnudo.com.mx\/index.php\/wp-json\/wp\/v2\/users\/4"}],"replies":[{"embeddable":true,"href":"https:\/\/politicosaldesnudo.com.mx\/index.php\/wp-json\/wp\/v2\/comments?post=68104"}],"version-history":[{"count":0,"href":"https:\/\/politicosaldesnudo.com.mx\/index.php\/wp-json\/wp\/v2\/posts\/68104\/revisions"}],"wp:featuredmedia":[{"embeddable":true,"href":"https:\/\/politicosaldesnudo.com.mx\/index.php\/wp-json\/wp\/v2\/media\/68105"}],"wp:attachment":[{"href":"https:\/\/politicosaldesnudo.com.mx\/index.php\/wp-json\/wp\/v2\/media?parent=68104"}],"wp:term":[{"taxonomy":"category","embeddable":true,"href":"https:\/\/politicosaldesnudo.com.mx\/index.php\/wp-json\/wp\/v2\/categories?post=68104"},{"taxonomy":"post_tag","embeddable":true,"href":"https:\/\/politicosaldesnudo.com.mx\/index.php\/wp-json\/wp\/v2\/tags?post=68104"}],"curies":[{"name":"wp","href":"https:\/\/api.w.org\/{rel}","templated":true}]}}