{"id":68154,"date":"2025-08-04T00:26:07","date_gmt":"2025-08-04T06:26:07","guid":{"rendered":"https:\/\/politicosaldesnudo.com.mx\/?p=68154"},"modified":"2025-08-03T23:33:19","modified_gmt":"2025-08-04T05:33:19","slug":"el-valor-de-lo-prometido","status":"publish","type":"post","link":"https:\/\/politicosaldesnudo.com.mx\/index.php\/2025\/08\/04\/el-valor-de-lo-prometido\/","title":{"rendered":"El valor de lo prometido"},"content":{"rendered":"<p><span style=\"font-size: 14pt;\">Los abogados litigantes de M\u00e9xico, quiz\u00e1 con raz\u00f3n o sin ella, piensan que la Primera Magistrada de la Naci\u00f3n no solamente debe de tener cuidado de aquello que expresa en importantes cuestiones vinculadas con el t\u00f3pico de la justicia, sino, que es, en sus expresiones ma\u00f1aneras donde se encuentra en m\u00e1s frecuente o cotidiano riesgo.<\/span><\/p>\n<p><span style=\"font-size: 14pt;\">Esas togas de conocimientos emparentadas con la justicia no deben de dejar de pensar en el hecho de que, porque una Presidenta Constitucional de M\u00e9xico tenga autoridad soberana para efectuarlo, adquiera tambi\u00e9n la plena libertad de cometer yerros cuando efect\u00faa esas expresiones.<\/span><\/p>\n<p><span style=\"font-size: 14pt;\">Los conceptos de justicia que carezcan de importancia en expresiones realizadas por un particular no documentado, resultan con frecuencia muy trascedentes por el s\u00f3lo hecho de ser expresadas por la representante y titular del Poder Ejecutivo Federal. Sobre todo, si esas palabras denotan la m\u00ednima mueca de desprecio con referencia a temas de justicia, lo cual perjudica de manera muy seria a los gobernantes; es sabido que en el \u00e1mbito de las autoridades todas y todos deber\u00edan de ser estimulados para obtener la elevada justicia que siempre favorezca a M\u00e9xico.<\/span><\/p>\n<p><span style=\"font-size: 14pt;\">De lo expuesto deviene que aquellos gobernados que se sienten ofendidos o burlados, por algunas expresiones, conserven en sus adentros un resentimiento o animadversi\u00f3n que solo se extingue con decisiones inherentes a una pronta, eficaz y docta justicia.<\/span><\/p>\n<p><span style=\"font-size: 14pt;\">Existen decisiones en la esfera de la pol\u00edtica que pueden reconfortar a los gobernados de un enga\u00f1o o de una expresi\u00f3n de desprecio a la justicia, siempre y cuando que esas manifestaciones de descr\u00e9dito provengan de la Presidenta Constitucional de los Estados Unidos Mexicanos: una de esas referidas decisiones es el haber prometido un no a la impunidad y hasta la fecha ello no ha sido ello cumplido.<\/span><\/p>\n<p><span style=\"font-size: 14pt;\">Quien pueda resultar ofendido por las palabras no cumplidas por la Dra. Claudia Sheinbaum Pardo, en contra de la justicia, no producir\u00e1 impresi\u00f3n en quienes la han o\u00eddo, cuando sea puesto en prisi\u00f3n el narco- pol\u00edtico que propici\u00f3 e inici\u00f3 ese caos jur\u00eddico que hoy sirve para que nuestro M\u00e9xico sea criticado.<\/span><\/p>\n<p><span style=\"font-size: 14pt;\">La Academia de Derecho Penal del Colegio Nacional de Abogados Foro de M\u00e9xico A.C, exhorta muy seriamente a nuestra Presidenta Constitucional que no se permita dejar de cumplir con lo expresado y prometido de un no a la impunidad, y que se considere que este incumplimiento lacera no solamente a las togas de la abogac\u00eda independiente de la Rep\u00fablica, sino tambi\u00e9n a los aplaudidores del segundo piso de la Cuarta Transformaci\u00f3n de la Naci\u00f3n.<\/span><\/p>\n<p><span style=\"font-size: 14pt;\">Es cu\u00e1nto.<\/span><\/p>\n<p><img data-recalc-dims=\"1\" loading=\"lazy\" decoding=\"async\" class=\"aligncenter size-full wp-image-68144\" src=\"https:\/\/i0.wp.com\/politicosaldesnudo.com.mx\/wp-content\/uploads\/2025\/08\/FIRMA-EDITORIAL-PD-1.jpg?resize=800%2C98&#038;ssl=1\" alt=\"\" width=\"800\" height=\"98\" srcset=\"https:\/\/i0.wp.com\/politicosaldesnudo.com.mx\/wp-content\/uploads\/2025\/08\/FIRMA-EDITORIAL-PD-1.jpg?w=1024&amp;ssl=1 1024w, https:\/\/i0.wp.com\/politicosaldesnudo.com.mx\/wp-content\/uploads\/2025\/08\/FIRMA-EDITORIAL-PD-1.jpg?resize=300%2C37&amp;ssl=1 300w, https:\/\/i0.wp.com\/politicosaldesnudo.com.mx\/wp-content\/uploads\/2025\/08\/FIRMA-EDITORIAL-PD-1.jpg?resize=768%2C94&amp;ssl=1 768w\" sizes=\"auto, (max-width: 800px) 100vw, 800px\" \/><\/p>\n<p>&nbsp;<\/p>\n","protected":false},"excerpt":{"rendered":"<p>Los abogados litigantes de M\u00e9xico, quiz\u00e1 con raz\u00f3n o sin ella, piensan que la Primera Magistrada de la Naci\u00f3n no<\/p>\n","protected":false},"author":4,"featured_media":52149,"comment_status":"closed","ping_status":"closed","sticky":false,"template":"","format":"standard","meta":{"colormag_page_container_layout":"default_layout","colormag_page_sidebar_layout":"default_layout","_jetpack_memberships_contains_paid_content":false,"footnotes":"","jetpack_publicize_message":"","jetpack_publicize_feature_enabled":true,"jetpack_social_post_already_shared":true,"jetpack_social_options":{"image_generator_settings":{"template":"highway","default_image_id":0,"font":"","enabled":false},"version":2}},"categories":[26],"tags":[],"class_list":["post-68154","post","type-post","status-publish","format-standard","has-post-thumbnail","hentry","category-columnistas"],"jetpack_publicize_connections":[],"jetpack_featured_media_url":"https:\/\/i0.wp.com\/politicosaldesnudo.com.mx\/wp-content\/uploads\/2024\/12\/WOODLRICH.jpg?fit=800%2C445&ssl=1","jetpack-related-posts":[],"jetpack_sharing_enabled":true,"_links":{"self":[{"href":"https:\/\/politicosaldesnudo.com.mx\/index.php\/wp-json\/wp\/v2\/posts\/68154","targetHints":{"allow":["GET"]}}],"collection":[{"href":"https:\/\/politicosaldesnudo.com.mx\/index.php\/wp-json\/wp\/v2\/posts"}],"about":[{"href":"https:\/\/politicosaldesnudo.com.mx\/index.php\/wp-json\/wp\/v2\/types\/post"}],"author":[{"embeddable":true,"href":"https:\/\/politicosaldesnudo.com.mx\/index.php\/wp-json\/wp\/v2\/users\/4"}],"replies":[{"embeddable":true,"href":"https:\/\/politicosaldesnudo.com.mx\/index.php\/wp-json\/wp\/v2\/comments?post=68154"}],"version-history":[{"count":0,"href":"https:\/\/politicosaldesnudo.com.mx\/index.php\/wp-json\/wp\/v2\/posts\/68154\/revisions"}],"wp:featuredmedia":[{"embeddable":true,"href":"https:\/\/politicosaldesnudo.com.mx\/index.php\/wp-json\/wp\/v2\/media\/52149"}],"wp:attachment":[{"href":"https:\/\/politicosaldesnudo.com.mx\/index.php\/wp-json\/wp\/v2\/media?parent=68154"}],"wp:term":[{"taxonomy":"category","embeddable":true,"href":"https:\/\/politicosaldesnudo.com.mx\/index.php\/wp-json\/wp\/v2\/categories?post=68154"},{"taxonomy":"post_tag","embeddable":true,"href":"https:\/\/politicosaldesnudo.com.mx\/index.php\/wp-json\/wp\/v2\/tags?post=68154"}],"curies":[{"name":"wp","href":"https:\/\/api.w.org\/{rel}","templated":true}]}}