{"id":68186,"date":"2025-08-05T00:09:09","date_gmt":"2025-08-05T06:09:09","guid":{"rendered":"https:\/\/politicosaldesnudo.com.mx\/?p=68186"},"modified":"2025-08-04T20:47:17","modified_gmt":"2025-08-05T02:47:17","slug":"japon-busca-que-eu-firme-la-implementacion-de-arancel-de-15-a-autos","status":"publish","type":"post","link":"https:\/\/politicosaldesnudo.com.mx\/index.php\/2025\/08\/05\/japon-busca-que-eu-firme-la-implementacion-de-arancel-de-15-a-autos\/","title":{"rendered":"Jap\u00f3n busca que EU firme la implementaci\u00f3n de arancel de 15% a autos"},"content":{"rendered":"<p class=\"nota-justify\">El principal negociador arancelario de Jap\u00f3n, Ryosei Akazawa, dijo que planea visitar Washington a partir del martes para presionar a Estados Unidos para que el presidente Donald Trump firme una orden ejecutiva para implementar un arancel acordado de 15 por ciento sobre los autom\u00f3viles.<\/p>\n<p class=\"nota-justify\">El mes pasado, Estados Unidos acord\u00f3 con Jap\u00f3n, en un acuerdo comercial, reducir los aranceles vigentes sobre las importaciones de autom\u00f3viles japoneses a 15 por ciento, frente a los grav\u00e1menes que anteriormente sumaban un total de 27.5 por ciento. Los aranceles que deb\u00edan entrar en vigor sobre otros productos japoneses tambi\u00e9n se reducir\u00e1n de 25 a 15 por ciento.<\/p>\n<p class=\"nota-justify\">\u201cPresionaremos a Estados Unidos para asegurar que se firme una orden ejecutiva sobre el arancel acordado para autom\u00f3viles y componentes automotrices lo antes posible\u201d, dijo Akazawa al Parlamento.<\/p>\n<p class=\"nota-justify\">En referencia al problema de \u201cacumulaci\u00f3n\u201d, donde los bienes pueden verse afectados por m\u00faltiples aranceles, Akazawa tambi\u00e9n dijo que Jap\u00f3n quiere asegurarse de que los bienes que ya est\u00e1n gravados con m\u00e1s de 15 por ciento est\u00e9n exentos de la tasa adicional de 15 por ciento.<\/p>\n","protected":false},"excerpt":{"rendered":"<p>El principal negociador arancelario de Jap\u00f3n, Ryosei Akazawa, dijo que planea visitar Washington a partir del martes para presionar a<\/p>\n","protected":false},"author":4,"featured_media":68187,"comment_status":"closed","ping_status":"closed","sticky":false,"template":"","format":"standard","meta":{"colormag_page_container_layout":"default_layout","colormag_page_sidebar_layout":"default_layout","_jetpack_memberships_contains_paid_content":false,"footnotes":"","jetpack_publicize_message":"","jetpack_publicize_feature_enabled":true,"jetpack_social_post_already_shared":true,"jetpack_social_options":{"image_generator_settings":{"template":"highway","default_image_id":0,"font":"","enabled":false},"version":2}},"categories":[2050],"tags":[],"class_list":["post-68186","post","type-post","status-publish","format-standard","has-post-thumbnail","hentry","category-economia"],"jetpack_publicize_connections":[],"jetpack_featured_media_url":"https:\/\/i0.wp.com\/politicosaldesnudo.com.mx\/wp-content\/uploads\/2025\/08\/AUT.jpg?fit=749%2C461&ssl=1","jetpack-related-posts":[],"jetpack_sharing_enabled":true,"_links":{"self":[{"href":"https:\/\/politicosaldesnudo.com.mx\/index.php\/wp-json\/wp\/v2\/posts\/68186","targetHints":{"allow":["GET"]}}],"collection":[{"href":"https:\/\/politicosaldesnudo.com.mx\/index.php\/wp-json\/wp\/v2\/posts"}],"about":[{"href":"https:\/\/politicosaldesnudo.com.mx\/index.php\/wp-json\/wp\/v2\/types\/post"}],"author":[{"embeddable":true,"href":"https:\/\/politicosaldesnudo.com.mx\/index.php\/wp-json\/wp\/v2\/users\/4"}],"replies":[{"embeddable":true,"href":"https:\/\/politicosaldesnudo.com.mx\/index.php\/wp-json\/wp\/v2\/comments?post=68186"}],"version-history":[{"count":0,"href":"https:\/\/politicosaldesnudo.com.mx\/index.php\/wp-json\/wp\/v2\/posts\/68186\/revisions"}],"wp:featuredmedia":[{"embeddable":true,"href":"https:\/\/politicosaldesnudo.com.mx\/index.php\/wp-json\/wp\/v2\/media\/68187"}],"wp:attachment":[{"href":"https:\/\/politicosaldesnudo.com.mx\/index.php\/wp-json\/wp\/v2\/media?parent=68186"}],"wp:term":[{"taxonomy":"category","embeddable":true,"href":"https:\/\/politicosaldesnudo.com.mx\/index.php\/wp-json\/wp\/v2\/categories?post=68186"},{"taxonomy":"post_tag","embeddable":true,"href":"https:\/\/politicosaldesnudo.com.mx\/index.php\/wp-json\/wp\/v2\/tags?post=68186"}],"curies":[{"name":"wp","href":"https:\/\/api.w.org\/{rel}","templated":true}]}}