{"id":68210,"date":"2025-08-05T00:17:36","date_gmt":"2025-08-05T06:17:36","guid":{"rendered":"https:\/\/politicosaldesnudo.com.mx\/?p=68210"},"modified":"2025-08-04T21:27:46","modified_gmt":"2025-08-05T03:27:46","slug":"milei-justifica-su-veto-al-aumento-de-pensiones-por-equilibrio-fiscal","status":"publish","type":"post","link":"https:\/\/politicosaldesnudo.com.mx\/index.php\/2025\/08\/05\/milei-justifica-su-veto-al-aumento-de-pensiones-por-equilibrio-fiscal\/","title":{"rendered":"Milei justifica su veto al aumento de pensiones por \u00abequilibrio fiscal\u00bb"},"content":{"rendered":"<div id=\"article-content-tts\" class=\"nota-contenido mb-5\">\n<div id=\"content_nitf\">\n<p class=\"nota-justify\">El presidente Javier Milei vet\u00f3 este lunes por decreto el aumento a las jubilaciones y pensiones por incapacidad aprobado por el Congreso. El veto se produjo tras vencer el plazo de diez d\u00edas h\u00e1biles para que la legislaci\u00f3n se ratificara. El mandatario justific\u00f3 su decisi\u00f3n alegando que esta ley \u201catenta contra el equilibrio fiscal\u201d.<\/p>\n<p class=\"nota-justify\">El presidente ha manifestado que su gobierno rechazar\u00e1 otros proyectos que el Congreso planea tratar esta semana, como las leyes de financiamiento universitario y de emergencia pedi\u00e1trica. Estas propuestas surgen en un contexto en el que la oposici\u00f3n denuncia que se est\u00e1n reduciendo los recursos del hospital pedi\u00e1trico Garrahan, una instituci\u00f3n con reconocimiento regional e internacional.<\/p>\n<p class=\"nota-justify\">En un tema diferente, el opositor Partido Justicialista planea denunciar ante la justicia un presunto espionaje por parte de la Secretar\u00eda de Inteligencia del Estado (SIDE). El espionaje, que ha trascendido este lunes, supuestamente afecta a figuras como el gobernador de Buenos Aires, Axel Kicillof, al excandidato presidencial Sergio Massa, a M\u00e1ximo Kirchner, a Facundo Manes, y a dirigentes de las principales centrales de trabajadores.<\/p>\n<p class=\"nota-justify\">El senador Mart\u00edn Lousteau, de la UCR, confirm\u00f3 que convocar\u00e1 a la Comisi\u00f3n Bicameral de Fiscalizaci\u00f3n de Organismos y Actividades de Inteligencia para investigar la situaci\u00f3n. El periodista Hugo Alconada Mon, de\u00a0<i>La Naci\u00f3n<\/i>, tuvo acceso a un documento de la SIDE que muestra el monitoreo de protestas gremiales y convocatorias callejeras. Cabe recordar que el pasado 9 de julio hubo una manifestaci\u00f3n de jubilados que fue dispersada por la polic\u00eda.<\/p>\n<p class=\"nota-justify\">Finalmente, en otro asunto, diputados de la coalici\u00f3n peronista Uni\u00f3n por la Patria han solicitado a la ministra de Seguridad, Patricia Bullrich, que informe sobre los acuerdos firmados con su par estadunidense, Kristi Noem. La diputada Agustina Propato expres\u00f3 su preocupaci\u00f3n de que estos convenios puedan implicar una injerencia de Estados Unidos en la seguridad p\u00fablica de Argentina.<\/p>\n<\/div>\n<\/div>\n<div class=\"notas-relacionadas\"><\/div>\n<div class=\"nota-tags\"><\/div>\n","protected":false},"excerpt":{"rendered":"<p>El presidente Javier Milei vet\u00f3 este lunes por decreto el aumento a las jubilaciones y pensiones por incapacidad aprobado por<\/p>\n","protected":false},"author":4,"featured_media":68211,"comment_status":"closed","ping_status":"closed","sticky":false,"template":"","format":"standard","meta":{"colormag_page_container_layout":"default_layout","colormag_page_sidebar_layout":"default_layout","_jetpack_memberships_contains_paid_content":false,"footnotes":"","jetpack_publicize_message":"","jetpack_publicize_feature_enabled":true,"jetpack_social_post_already_shared":true,"jetpack_social_options":{"image_generator_settings":{"template":"highway","default_image_id":0,"font":"","enabled":false},"version":2}},"categories":[28],"tags":[],"class_list":["post-68210","post","type-post","status-publish","format-standard","has-post-thumbnail","hentry","category-internacional"],"jetpack_publicize_connections":[],"jetpack_featured_media_url":"https:\/\/i0.wp.com\/politicosaldesnudo.com.mx\/wp-content\/uploads\/2025\/08\/MI.jpg?fit=752%2C493&ssl=1","jetpack-related-posts":[],"jetpack_sharing_enabled":true,"_links":{"self":[{"href":"https:\/\/politicosaldesnudo.com.mx\/index.php\/wp-json\/wp\/v2\/posts\/68210","targetHints":{"allow":["GET"]}}],"collection":[{"href":"https:\/\/politicosaldesnudo.com.mx\/index.php\/wp-json\/wp\/v2\/posts"}],"about":[{"href":"https:\/\/politicosaldesnudo.com.mx\/index.php\/wp-json\/wp\/v2\/types\/post"}],"author":[{"embeddable":true,"href":"https:\/\/politicosaldesnudo.com.mx\/index.php\/wp-json\/wp\/v2\/users\/4"}],"replies":[{"embeddable":true,"href":"https:\/\/politicosaldesnudo.com.mx\/index.php\/wp-json\/wp\/v2\/comments?post=68210"}],"version-history":[{"count":0,"href":"https:\/\/politicosaldesnudo.com.mx\/index.php\/wp-json\/wp\/v2\/posts\/68210\/revisions"}],"wp:featuredmedia":[{"embeddable":true,"href":"https:\/\/politicosaldesnudo.com.mx\/index.php\/wp-json\/wp\/v2\/media\/68211"}],"wp:attachment":[{"href":"https:\/\/politicosaldesnudo.com.mx\/index.php\/wp-json\/wp\/v2\/media?parent=68210"}],"wp:term":[{"taxonomy":"category","embeddable":true,"href":"https:\/\/politicosaldesnudo.com.mx\/index.php\/wp-json\/wp\/v2\/categories?post=68210"},{"taxonomy":"post_tag","embeddable":true,"href":"https:\/\/politicosaldesnudo.com.mx\/index.php\/wp-json\/wp\/v2\/tags?post=68210"}],"curies":[{"name":"wp","href":"https:\/\/api.w.org\/{rel}","templated":true}]}}