{"id":68234,"date":"2025-08-06T00:05:50","date_gmt":"2025-08-06T06:05:50","guid":{"rendered":"https:\/\/politicosaldesnudo.com.mx\/?p=68234"},"modified":"2025-08-05T22:50:10","modified_gmt":"2025-08-06T04:50:10","slug":"ministros-electos-preparan-transicion-para-una-nueva-suprema-corte","status":"publish","type":"post","link":"https:\/\/politicosaldesnudo.com.mx\/index.php\/2025\/08\/06\/ministros-electos-preparan-transicion-para-una-nueva-suprema-corte\/","title":{"rendered":"Ministros electos preparan transici\u00f3n para una nueva Suprema Corte"},"content":{"rendered":"<p class=\"nota-justify\">Los ministros electos sostuvieron este martes su segunda reuni\u00f3n previa a su toma de posesi\u00f3n, el pr\u00f3ximo 1 de septiembre, en la Suprema Corte de Justicia de la Naci\u00f3n (SCJN), en la que comenzaron a delinear el dise\u00f1o institucional para enfrentar el rezago de miles de asuntos que heredar\u00e1n de la actual integraci\u00f3n del Pleno.<\/p>\n<p class=\"nota-justify\">En el encuentro, encabezado por el futuro ministro presidente Hugo Aguilar Ortiz, tambi\u00e9n se confirm\u00f3 la invitaci\u00f3n formal a la presidenta Claudia Sheinbaum y a los presidentes de ambas C\u00e1maras del Congreso para asistir a la sesi\u00f3n solemne de instalaci\u00f3n de la Nueva Suprema Corte. Este acto marcar\u00eda el inicio de una nueva relaci\u00f3n entre poderes, en contraste con la actual etapa de distanciamiento entre el Poder Judicial de la Federaci\u00f3n (PJF), encabezado por la ministra presidenta saliente, Norma Luc\u00eda Pi\u00f1a Hern\u00e1ndez, y los poderes Ejecutivo y Legislativo.<\/p>\n<p class=\"nota-justify\">\u201cSer\u00e1 un acto republicano, de pleno respeto entre poderes que debe marcar el inicio de una etapa de di\u00e1logo y trabajo que contribuya a la justicia, la paz y el bienestar del pueblo. Con unidad y compromiso, las Ministras y Ministros electos acordaron sostener reuniones peri\u00f3dicas hasta que tomen posesi\u00f3n de sus cargos, pues es necesario lograr consenso sobre los temas que habr\u00e1n de imprimir un nuevo rostro a la Suprema Corte de Justicia de la Naci\u00f3n\u201d, informaron los ministros en un comunicado.<\/p>\n<p class=\"nota-justify\">Tal como adelant\u00f3\u00a0<i>La Jornada<\/i>\u00a0el pasado mes de junio, los ministros tambi\u00e9n acordaron este d\u00eda que el 1 de septiembre celebrar\u00e1n tres ceremonias para marca la era de una \u201cnueva Suprema Corte\u201d: la toma de Protesta ante el Senado de la Rep\u00fablica, la sesi\u00f3n solemne de instalaci\u00f3n de la Nueva Suprema Corte de Justicia de la Naci\u00f3n, y la ceremonia tradicional de entrega de Bast\u00f3n de Mando y Servicio por autoridades ind\u00edgenas y afromexicanas, a las Ministras y Ministros.<\/p>\n<p class=\"nota-justify\">Los ministros afirmaron que la reuni\u00f3n se llev\u00f3 a cabo en medio de un ambiente de unidad y coordinaci\u00f3n. Tambi\u00e9n refrendaron que ir\u00e1n en unidad y compromiso rumbo al 1 de septiembre, y acordaron sostener reuniones peri\u00f3dicas hasta que tomen posesi\u00f3n de sus cargos, \u201cpues es necesario lograr consenso sobre los temas que habr\u00e1n de imprimir un nuevo rostro a la Suprema Corte de Justicia de la Naci\u00f3n\u201d.<\/p>\n","protected":false},"excerpt":{"rendered":"<p>Los ministros electos sostuvieron este martes su segunda reuni\u00f3n previa a su toma de posesi\u00f3n, el pr\u00f3ximo 1 de septiembre,<\/p>\n","protected":false},"author":4,"featured_media":68235,"comment_status":"closed","ping_status":"closed","sticky":false,"template":"","format":"standard","meta":{"colormag_page_container_layout":"default_layout","colormag_page_sidebar_layout":"default_layout","_jetpack_memberships_contains_paid_content":false,"footnotes":"","jetpack_publicize_message":"","jetpack_publicize_feature_enabled":true,"jetpack_social_post_already_shared":true,"jetpack_social_options":{"image_generator_settings":{"template":"highway","default_image_id":0,"font":"","enabled":false},"version":2}},"categories":[33],"tags":[],"class_list":["post-68234","post","type-post","status-publish","format-standard","has-post-thumbnail","hentry","category-nacional"],"jetpack_publicize_connections":[],"jetpack_featured_media_url":"https:\/\/i0.wp.com\/politicosaldesnudo.com.mx\/wp-content\/uploads\/2025\/08\/SCRT.jpg?fit=783%2C492&ssl=1","jetpack-related-posts":[],"jetpack_sharing_enabled":true,"_links":{"self":[{"href":"https:\/\/politicosaldesnudo.com.mx\/index.php\/wp-json\/wp\/v2\/posts\/68234","targetHints":{"allow":["GET"]}}],"collection":[{"href":"https:\/\/politicosaldesnudo.com.mx\/index.php\/wp-json\/wp\/v2\/posts"}],"about":[{"href":"https:\/\/politicosaldesnudo.com.mx\/index.php\/wp-json\/wp\/v2\/types\/post"}],"author":[{"embeddable":true,"href":"https:\/\/politicosaldesnudo.com.mx\/index.php\/wp-json\/wp\/v2\/users\/4"}],"replies":[{"embeddable":true,"href":"https:\/\/politicosaldesnudo.com.mx\/index.php\/wp-json\/wp\/v2\/comments?post=68234"}],"version-history":[{"count":0,"href":"https:\/\/politicosaldesnudo.com.mx\/index.php\/wp-json\/wp\/v2\/posts\/68234\/revisions"}],"wp:featuredmedia":[{"embeddable":true,"href":"https:\/\/politicosaldesnudo.com.mx\/index.php\/wp-json\/wp\/v2\/media\/68235"}],"wp:attachment":[{"href":"https:\/\/politicosaldesnudo.com.mx\/index.php\/wp-json\/wp\/v2\/media?parent=68234"}],"wp:term":[{"taxonomy":"category","embeddable":true,"href":"https:\/\/politicosaldesnudo.com.mx\/index.php\/wp-json\/wp\/v2\/categories?post=68234"},{"taxonomy":"post_tag","embeddable":true,"href":"https:\/\/politicosaldesnudo.com.mx\/index.php\/wp-json\/wp\/v2\/tags?post=68234"}],"curies":[{"name":"wp","href":"https:\/\/api.w.org\/{rel}","templated":true}]}}