{"id":68237,"date":"2025-08-06T00:06:09","date_gmt":"2025-08-06T06:06:09","guid":{"rendered":"https:\/\/politicosaldesnudo.com.mx\/?p=68237"},"modified":"2025-08-05T22:52:32","modified_gmt":"2025-08-06T04:52:32","slug":"avalan-en-comision-de-san-lazaro-dictamen-de-reforma-para-combatir-la-extorsion","status":"publish","type":"post","link":"https:\/\/politicosaldesnudo.com.mx\/index.php\/2025\/08\/06\/avalan-en-comision-de-san-lazaro-dictamen-de-reforma-para-combatir-la-extorsion\/","title":{"rendered":"Avalan en comisi\u00f3n de San L\u00e1zaro dictamen de reforma para combatir la extorsi\u00f3n"},"content":{"rendered":"<p class=\"nota-justify\">La Comisi\u00f3n de Puntos Constitucionales de la C\u00e1mara de Diputados aprob\u00f3 por unanimidad el dictamen de la iniciativa de reforma constitucional presentada por la presidenta Claudia Sheinbaum mediante la cual se faculta al Congreso de la Uni\u00f3n legislar en materia de extorsi\u00f3n, uno de los delitos de mayor crecimiento en a\u00f1os recientes.<\/p>\n<p class=\"nota-justify\">En una sesi\u00f3n de s\u00f3lo media hora, donde particip\u00f3 un diputado por cada grupo parlamentario, se aval\u00f3 la modificaci\u00f3n del inciso A, fracci\u00f3n 21 del Art\u00edculo 73 de la Constituci\u00f3n, que a\u00f1ade esa atribuci\u00f3n al Congreso, por 37 votos en favor, y el dictamen ser\u00e1 enviado a la Mesa Directiva y se espera que sea uno de los primeros temas a discutirse en el periodo ordinario de sesiones de septiembre.<\/p>\n<p class=\"nota-justify\">Como se ha informado en este diario, aunque la extorsi\u00f3n ya forma parte del cat\u00e1logo de delitos que ameritan prisi\u00f3n preventiva oficiosa, el tipo penal no est\u00e1 homologado en los estados de la Rep\u00fablica, por lo que ese ser\u00e1 uno de los puntos a corregir.<\/p>\n<p class=\"nota-justify\">De igual forma, se especificar\u00e1 la obligaci\u00f3n del Estado de atender a las v\u00edctimas de extorsi\u00f3n y perseguir de oficio este delito, sin necesidad de una denuncia de quienes lo padecen.<\/p>\n<p class=\"nota-justify\">Durante la \u00fanica ronda de intervenciones de la sesi\u00f3n, Laura Hern\u00e1ndez (MC) destac\u00f3 que, seg\u00fan estudios del Secretariado Ejecutivo del Sistema Nacional de Seguridad P\u00fablica, tan s\u00f3lo en el primer trimestre de 2025 se registraron 5 mil 887 v\u00edctimas de extorsi\u00f3n en el pa\u00eds, la cifra m\u00e1s alta en los registros hist\u00f3ricos, con un aumento de 83 por ciento en los recientes 10 a\u00f1os.<\/p>\n<p class=\"nota-justify\">Por tal raz\u00f3n, anunci\u00f3 el voto de su partido en favor de la iniciativa, pero resalt\u00f3 la importancia de generar pol\u00edticas p\u00fablicas y herramientas jur\u00eddicas para prevenir, investigar y sancionar ese il\u00edcito, con estricto apego a los derechos humanos.<\/p>\n<p class=\"nota-justify\">Rub\u00e9n Moreira, coordinador de la bancada del PRI, tambi\u00e9n indic\u00f3 el respaldo a la iniciativa de Sheinbaum y llam\u00f3 a abrir un espacio para trabajar en una ley reglamentaria que permita la colaboraci\u00f3n efectiva entre la Federaci\u00f3n y los estados para combatir la extorsi\u00f3n, sin que uno se apoye de forma excesiva en el otro, ya que esta tarea ser\u00e1 concurrente.<\/p>\n<p class=\"nota-justify\">Tambi\u00e9n destac\u00f3 que este delito puede cometerse en un punto del pa\u00eds y afectar a una persona en otro muy distante, a veces basado \u00fanicamente en el miedo de la v\u00edctima a ser agredida, y llam\u00f3 a escuchar las opiniones de fiscales, expertos y abogados para definir c\u00f3mo se castigar\u00e1 este fen\u00f3meno.<\/p>\n<p class=\"nota-justify\">Irma Garay (PT) record\u00f3 que en d\u00edas pasados ya se puso en marcha una estrategia nacional contra la extorsi\u00f3n, que propone \u2013entre otros elementos\u2014 un protocolo de atenci\u00f3n digna a las v\u00edctimas, por lo que la iniciativa aprobada hoy debe sumar para el combate a este delito, \u201celiminando los vac\u00edos legales que pudieran impedir castigarlo severamente\u201d.<\/p>\n<p class=\"nota-justify\">De su lado, Maricela Silva (PVEM) indic\u00f3 que, aunque en los a\u00f1os recientes ya se atienden las causas que originan la criminalidad, este fen\u00f3meno sigue como uno de los principales problemas de M\u00e9xico, pues no s\u00f3lo genera violencia, sino tambi\u00e9n deterioro del tejido social.<\/p>\n<p class=\"nota-justify\">No obstante, salud\u00f3 el hecho de que el gobierno de Sheinbaum \u201cha puesto especial \u00e9nfasis en las acciones para disminuir los delitos de alto impacto\u201d, lo que se ha traducido en una baja &#8211;de enero de 2019 a enero de 2025&#8211; de los \u00edndices de secuestro; robo a casa habitaci\u00f3n, transe\u00fantes y transportes, lesiones dolosas con arma de fuego y feminicidio. La extorsi\u00f3n, lament\u00f3, es el \u00fanico delito que ha aumentado en ese mismo periodo, en 21.1 por ciento.<\/p>\n<p class=\"nota-justify\">Cristina M\u00e1rquez, del PAN, tambi\u00e9n indic\u00f3 que su partido se sumar\u00eda a la propuesta y subrayar que la reforma permitir\u00e1 que se reproduzcan casos como el de la maestra jubilada Irma Hern\u00e1ndez Cruz, quien fue secuestrada en Veracruz por negarse a pagar extorsi\u00f3n en su trabajo como taxista.<\/p>\n<p class=\"nota-justify\">\u201cEstamos a favor de esta reforma a la Constituci\u00f3n, con la encomienda de que la ley general que se derive de ella pueda contener las soluciones en torno al fortalecimiento de las instituciones que deben prevenir, detectar y sancionar la extorsi\u00f3n, y que los estados no se \u2018cuelguen\u2019 de la Federaci\u00f3n o viceversa\u201d, en vez de colaborar entre s\u00ed.<\/p>\n<p class=\"nota-justify\">Clara C\u00e1rdenas Galv\u00e1n (Morena) alert\u00f3, por su parte, que la extorsi\u00f3n se ha magnificado por la existencia de instrumentos tecnol\u00f3gicos que permite a los agresores cometer este delito a distancia, y record\u00f3 que el mismo tiene dos modalidades principales: telef\u00f3nica (realizada sobre todo desde los centros penitenciarios) y el llamado \u201ccobro de piso\u201d.<\/p>\n<p class=\"nota-justify\">Seg\u00fan estudios del Instituto Nacional de Estad\u00edstica y Geograf\u00eda, recalc\u00f3, la inseguridad causada por la extorsi\u00f3n incide en el aumento de la inflaci\u00f3n y en la p\u00e9rdida del inter\u00e9s de los inversionistas, as\u00ed como la ca\u00edda del empleo y del crecimiento econ\u00f3mico, por lo que no s\u00f3lo afecta a empresas, sino tambi\u00e9n a empleados.<\/p>\n<p class=\"nota-justify\">Unos minutos despu\u00e9s, \u00c1vila contest\u00f3 a trav\u00e9s de otra rueda de prensa que las acusaciones del PAN no son \u201cnada nuevo, son paja\u201d y se trata de una \u201ccalumnia\u201d pensada para tratar de desacreditarlo y hacer que detenga sus acusaciones contra el dirigente nacional del blanquiazul, Jorge Romero, y otros pol\u00edticos involucrados en el \u201cc\u00e1rtel inmobiliario\u201d.<\/p>\n<p class=\"nota-justify\">\u201cTodo lo que dicen es falso. Inventan mentiras a medias para tratar de da\u00f1ar mi imagen, pero no me voy a echar atr\u00e1s y no me voy a callar\u201d, enfatiz\u00f3 \u00c1vila, quien dijo que la comisi\u00f3n especial para investigarlo \u201ces un sue\u00f1o\u201d, mientras que la que \u00e9l propuso para investigar a los panistas \u201cs\u00ed la vamos a constituir\u201d.<\/p>\n","protected":false},"excerpt":{"rendered":"<p>La Comisi\u00f3n de Puntos Constitucionales de la C\u00e1mara de Diputados aprob\u00f3 por unanimidad el dictamen de la iniciativa de reforma<\/p>\n","protected":false},"author":4,"featured_media":68238,"comment_status":"closed","ping_status":"closed","sticky":false,"template":"","format":"standard","meta":{"colormag_page_container_layout":"default_layout","colormag_page_sidebar_layout":"default_layout","_jetpack_memberships_contains_paid_content":false,"footnotes":"","jetpack_publicize_message":"","jetpack_publicize_feature_enabled":true,"jetpack_social_post_already_shared":true,"jetpack_social_options":{"image_generator_settings":{"template":"highway","default_image_id":0,"font":"","enabled":false},"version":2}},"categories":[33],"tags":[],"class_list":["post-68237","post","type-post","status-publish","format-standard","has-post-thumbnail","hentry","category-nacional"],"jetpack_publicize_connections":[],"jetpack_featured_media_url":"https:\/\/i0.wp.com\/politicosaldesnudo.com.mx\/wp-content\/uploads\/2025\/08\/COMI.jpg?fit=779%2C486&ssl=1","jetpack-related-posts":[],"jetpack_sharing_enabled":true,"_links":{"self":[{"href":"https:\/\/politicosaldesnudo.com.mx\/index.php\/wp-json\/wp\/v2\/posts\/68237","targetHints":{"allow":["GET"]}}],"collection":[{"href":"https:\/\/politicosaldesnudo.com.mx\/index.php\/wp-json\/wp\/v2\/posts"}],"about":[{"href":"https:\/\/politicosaldesnudo.com.mx\/index.php\/wp-json\/wp\/v2\/types\/post"}],"author":[{"embeddable":true,"href":"https:\/\/politicosaldesnudo.com.mx\/index.php\/wp-json\/wp\/v2\/users\/4"}],"replies":[{"embeddable":true,"href":"https:\/\/politicosaldesnudo.com.mx\/index.php\/wp-json\/wp\/v2\/comments?post=68237"}],"version-history":[{"count":0,"href":"https:\/\/politicosaldesnudo.com.mx\/index.php\/wp-json\/wp\/v2\/posts\/68237\/revisions"}],"wp:featuredmedia":[{"embeddable":true,"href":"https:\/\/politicosaldesnudo.com.mx\/index.php\/wp-json\/wp\/v2\/media\/68238"}],"wp:attachment":[{"href":"https:\/\/politicosaldesnudo.com.mx\/index.php\/wp-json\/wp\/v2\/media?parent=68237"}],"wp:term":[{"taxonomy":"category","embeddable":true,"href":"https:\/\/politicosaldesnudo.com.mx\/index.php\/wp-json\/wp\/v2\/categories?post=68237"},{"taxonomy":"post_tag","embeddable":true,"href":"https:\/\/politicosaldesnudo.com.mx\/index.php\/wp-json\/wp\/v2\/tags?post=68237"}],"curies":[{"name":"wp","href":"https:\/\/api.w.org\/{rel}","templated":true}]}}