{"id":68240,"date":"2025-08-06T00:07:26","date_gmt":"2025-08-06T06:07:26","guid":{"rendered":"https:\/\/politicosaldesnudo.com.mx\/?p=68240"},"modified":"2025-08-05T22:55:17","modified_gmt":"2025-08-06T04:55:17","slug":"lopez-beltran-arremete-contra-el-hampa-del-periodismo","status":"publish","type":"post","link":"https:\/\/politicosaldesnudo.com.mx\/index.php\/2025\/08\/06\/lopez-beltran-arremete-contra-el-hampa-del-periodismo\/","title":{"rendered":"L\u00f3pez Beltr\u00e1n arremete contra el \u201champa del periodismo\u201d"},"content":{"rendered":"<p>Andr\u00e9s Manuel L\u00f3pez Beltr\u00e1n, secretario de Organizaci\u00f3n de Morena, emiti\u00f3 una nota aclaratoria para dar su versi\u00f3n sobre las publicaciones medi\u00e1ticas respecto a su viaje de vacaciones a Jap\u00f3n. En un documento firmado por \u00e9l acusa una campa\u00f1a de desprestigio promovida desde sectores conservadores.<\/p>\n<p>En el comunicado, L\u00f3pez Beltr\u00e1n se\u00f1ala que inform\u00f3 a la dirigencia de su partido que tomar\u00eda unas vacaciones con sus propios recursos en el pa\u00eds asi\u00e1tico. Asimismo, denuncia que detr\u00e1s de la pol\u00e9mica hay una estrategia medi\u00e1tica basada en prejuicios de clase y desinformaci\u00f3n.<\/p>\n<p>\u201cNo me extra\u00f1a la agresividad del hampa del periodismo que es equivalente a la perversidad de la mafia del poder econ\u00f3mico y pol\u00edtico al que desde hace d\u00e9cadas hemos venido enfrentando, pero s\u00ed me importa que la gente que tiene confianza en nosotros no dude de nuestros principios y valores\u201d, expresa.<\/p>\n<p>L\u00f3pez Beltr\u00e1n subray\u00f3 que jam\u00e1s olvidar\u00e1 hacer de su vida p\u00fablica una l\u00ednea recta y seguir el ejemplo de la presidenta Claudia Sheinbaum.<\/p>\n<p>El dirigente partidista menciona que sus adversarios enviaron a esp\u00edas a fotografiarlo y acosarlo para emprender una campa\u00f1a de linchamiento pol\u00edtico. \u00a0Por lo que siempre \u00abvaldr\u00e1 la pena pagar una cuota de humillaci\u00f3n cuando se lucha por una causa justa\u00bb, expresa.<\/p>\n<p>&nbsp;<\/p>\n","protected":false},"excerpt":{"rendered":"<p>Andr\u00e9s Manuel L\u00f3pez Beltr\u00e1n, secretario de Organizaci\u00f3n de Morena, emiti\u00f3 una nota aclaratoria para dar su versi\u00f3n sobre las publicaciones<\/p>\n","protected":false},"author":4,"featured_media":68241,"comment_status":"closed","ping_status":"closed","sticky":false,"template":"","format":"standard","meta":{"colormag_page_container_layout":"default_layout","colormag_page_sidebar_layout":"default_layout","_jetpack_memberships_contains_paid_content":false,"footnotes":"","jetpack_publicize_message":"","jetpack_publicize_feature_enabled":true,"jetpack_social_post_already_shared":true,"jetpack_social_options":{"image_generator_settings":{"template":"highway","default_image_id":0,"font":"","enabled":false},"version":2}},"categories":[33],"tags":[],"class_list":["post-68240","post","type-post","status-publish","format-standard","has-post-thumbnail","hentry","category-nacional"],"jetpack_publicize_connections":[],"jetpack_featured_media_url":"https:\/\/i0.wp.com\/politicosaldesnudo.com.mx\/wp-content\/uploads\/2025\/08\/AA.jpg?fit=800%2C533&ssl=1","jetpack-related-posts":[],"jetpack_sharing_enabled":true,"_links":{"self":[{"href":"https:\/\/politicosaldesnudo.com.mx\/index.php\/wp-json\/wp\/v2\/posts\/68240","targetHints":{"allow":["GET"]}}],"collection":[{"href":"https:\/\/politicosaldesnudo.com.mx\/index.php\/wp-json\/wp\/v2\/posts"}],"about":[{"href":"https:\/\/politicosaldesnudo.com.mx\/index.php\/wp-json\/wp\/v2\/types\/post"}],"author":[{"embeddable":true,"href":"https:\/\/politicosaldesnudo.com.mx\/index.php\/wp-json\/wp\/v2\/users\/4"}],"replies":[{"embeddable":true,"href":"https:\/\/politicosaldesnudo.com.mx\/index.php\/wp-json\/wp\/v2\/comments?post=68240"}],"version-history":[{"count":0,"href":"https:\/\/politicosaldesnudo.com.mx\/index.php\/wp-json\/wp\/v2\/posts\/68240\/revisions"}],"wp:featuredmedia":[{"embeddable":true,"href":"https:\/\/politicosaldesnudo.com.mx\/index.php\/wp-json\/wp\/v2\/media\/68241"}],"wp:attachment":[{"href":"https:\/\/politicosaldesnudo.com.mx\/index.php\/wp-json\/wp\/v2\/media?parent=68240"}],"wp:term":[{"taxonomy":"category","embeddable":true,"href":"https:\/\/politicosaldesnudo.com.mx\/index.php\/wp-json\/wp\/v2\/categories?post=68240"},{"taxonomy":"post_tag","embeddable":true,"href":"https:\/\/politicosaldesnudo.com.mx\/index.php\/wp-json\/wp\/v2\/tags?post=68240"}],"curies":[{"name":"wp","href":"https:\/\/api.w.org\/{rel}","templated":true}]}}