{"id":68243,"date":"2025-08-06T00:08:36","date_gmt":"2025-08-06T06:08:36","guid":{"rendered":"https:\/\/politicosaldesnudo.com.mx\/?p=68243"},"modified":"2025-08-05T22:58:23","modified_gmt":"2025-08-06T04:58:23","slug":"reconoce-sheinbaum-al-equipo-historico-de-clavadistas-mexicanos","status":"publish","type":"post","link":"https:\/\/politicosaldesnudo.com.mx\/index.php\/2025\/08\/06\/reconoce-sheinbaum-al-equipo-historico-de-clavadistas-mexicanos\/","title":{"rendered":"Reconoce Sheinbaum al \u00abequipo hist\u00f3rico\u00bb de clavadistas mexicanos"},"content":{"rendered":"<p class=\"nota-justify\">La presidenta Claudia Sheinbaum Pardo expres\u00f3 este martes su orgullo por recibir en Palacio Nacional al \u201cequipo hist\u00f3rico\u201d de clavadistas mexicanos que obtuvieron medallas en el Campeonato Mundial de Deportes Acu\u00e1ticos en Singapur, a quienes felicit\u00f3 y asegur\u00f3 que siempre contar\u00e1n con su apoyo.<\/p>\n<p class=\"nota-justify\">Durante la recepci\u00f3n, realizada al mediod\u00eda, la mandataria convivi\u00f3 con los atletas y entrenadores que representaron a M\u00e9xico, entre ellos Osmar Olvera, ganador de la medalla de oro en trampol\u00edn de tres metros.<\/p>\n<p class=\"nota-justify\">El equipo arrib\u00f3 al recinto acompa\u00f1ado por el director de la Conade, Rommel Pacheco, as\u00ed como por la entrenadora Ma Jin y el presidente de la Federaci\u00f3n Mexicana de Clavados, Fernando Platas.<\/p>\n<p class=\"nota-justify\">Luego de la reuni\u00f3n, Sheinbaum Pardo public\u00f3 en X un video con los clavadistas, quienes portaron las medallas que ganaron mientras recorrieron Palacio Nacional con la mandataria.<\/p>\n<p class=\"nota-justify\">\u201cMe siento muy orgullosa de recibir a este equipo hist\u00f3rico de atletas y entrenadores de deportes acu\u00e1ticos, quienes han ganado medallas para nuestro pa\u00eds. Les felicito y siempre van a contar con nuestro apoyo\u201d, escribi\u00f3 la mandataria.<\/p>\n","protected":false},"excerpt":{"rendered":"<p>La presidenta Claudia Sheinbaum Pardo expres\u00f3 este martes su orgullo por recibir en Palacio Nacional al \u201cequipo hist\u00f3rico\u201d de clavadistas<\/p>\n","protected":false},"author":4,"featured_media":68244,"comment_status":"closed","ping_status":"closed","sticky":false,"template":"","format":"standard","meta":{"colormag_page_container_layout":"default_layout","colormag_page_sidebar_layout":"default_layout","_jetpack_memberships_contains_paid_content":false,"footnotes":"","jetpack_publicize_message":"","jetpack_publicize_feature_enabled":true,"jetpack_social_post_already_shared":true,"jetpack_social_options":{"image_generator_settings":{"template":"highway","default_image_id":0,"font":"","enabled":false},"version":2}},"categories":[33],"tags":[],"class_list":["post-68243","post","type-post","status-publish","format-standard","has-post-thumbnail","hentry","category-nacional"],"jetpack_publicize_connections":[],"jetpack_featured_media_url":"https:\/\/i0.wp.com\/politicosaldesnudo.com.mx\/wp-content\/uploads\/2025\/08\/CLAV.jpg?fit=612%2C488&ssl=1","jetpack-related-posts":[],"jetpack_sharing_enabled":true,"_links":{"self":[{"href":"https:\/\/politicosaldesnudo.com.mx\/index.php\/wp-json\/wp\/v2\/posts\/68243","targetHints":{"allow":["GET"]}}],"collection":[{"href":"https:\/\/politicosaldesnudo.com.mx\/index.php\/wp-json\/wp\/v2\/posts"}],"about":[{"href":"https:\/\/politicosaldesnudo.com.mx\/index.php\/wp-json\/wp\/v2\/types\/post"}],"author":[{"embeddable":true,"href":"https:\/\/politicosaldesnudo.com.mx\/index.php\/wp-json\/wp\/v2\/users\/4"}],"replies":[{"embeddable":true,"href":"https:\/\/politicosaldesnudo.com.mx\/index.php\/wp-json\/wp\/v2\/comments?post=68243"}],"version-history":[{"count":0,"href":"https:\/\/politicosaldesnudo.com.mx\/index.php\/wp-json\/wp\/v2\/posts\/68243\/revisions"}],"wp:featuredmedia":[{"embeddable":true,"href":"https:\/\/politicosaldesnudo.com.mx\/index.php\/wp-json\/wp\/v2\/media\/68244"}],"wp:attachment":[{"href":"https:\/\/politicosaldesnudo.com.mx\/index.php\/wp-json\/wp\/v2\/media?parent=68243"}],"wp:term":[{"taxonomy":"category","embeddable":true,"href":"https:\/\/politicosaldesnudo.com.mx\/index.php\/wp-json\/wp\/v2\/categories?post=68243"},{"taxonomy":"post_tag","embeddable":true,"href":"https:\/\/politicosaldesnudo.com.mx\/index.php\/wp-json\/wp\/v2\/tags?post=68243"}],"curies":[{"name":"wp","href":"https:\/\/api.w.org\/{rel}","templated":true}]}}