{"id":68255,"date":"2025-08-06T00:12:39","date_gmt":"2025-08-06T06:12:39","guid":{"rendered":"https:\/\/politicosaldesnudo.com.mx\/?p=68255"},"modified":"2025-08-05T23:08:57","modified_gmt":"2025-08-06T05:08:57","slug":"trump-amenaza-a-la-ue-con-aranceles-de-35-si-no-invierte-600-mil-mdd-en-eu","status":"publish","type":"post","link":"https:\/\/politicosaldesnudo.com.mx\/index.php\/2025\/08\/06\/trump-amenaza-a-la-ue-con-aranceles-de-35-si-no-invierte-600-mil-mdd-en-eu\/","title":{"rendered":"Trump amenaza a la UE con aranceles de 35% si no invierte 600 mil mdd en EU"},"content":{"rendered":"<p>Mientras la Uni\u00f3n Europea suspendi\u00f3 formalmente este martes los aranceles a productos estadounidense por 93 mil millones de euros en represalia por las tarifas impuestas por Donald Trump, \u00e9ste advirti\u00f3 que impondr\u00e1 un arancel de 35 por ciento a las importaciones procedentes de los 27 pa\u00edses del bloque, en lugar del 15 por ciento acordado a finales de julio, si los europeos incumplen el compromiso de invertir 600 mil millones de d\u00f3lares en Estados Unidos.<\/p>\n<p>En una entrevista con la cadena CNBC, el presidente estadounidense subray\u00f3 que en el caso de que la Uni\u00f3n Europea (UE) no cumpla la promesa de acometer las inversiones pactadas \u201centonces pagar\u00e1n aranceles de 35 por ciento\u201d.<\/p>\n<p>Trump dijo que la UE consigui\u00f3 ver rebajados los aranceles a sus productos de 30 a 15 por ciento porque se comprometieron a invertir 600 mil millones de d\u00f3lares. \u201cDebido a eso, reduje sus aranceles (&#8230;), porque me dieron 600 mil millones de d\u00f3lares\u201d, destac\u00f3.<\/p>\n<p>El presidente de Estados Unidos calific\u00f3 esta cifra como \u201cun regalo\u201d, puesto que no se trata de ning\u00fan pr\u00e9stamo que haya que devolver al cabo de unos a\u00f1os. \u201cNos dieron 600 mil millones de d\u00f3lares que podemos invertir en lo que queramos\u201d, asegur\u00f3, sin dar m\u00e1s detalles.<\/p>\n<p>\u201cNo hay detalles. Los detalles son 600 mil millones de d\u00f3lares para invertir en lo que quiera. Lo que sea. Puedo hacer lo que quiera con ellos\u201d, afirm\u00f3 Trump, al repetir que la UE habr\u00eda estado \u201cestafando\u201d durante a\u00f1os al pa\u00eds, por lo que \u201ces hora de que paguen\u201d.<\/p>\n<p>El pasado 27 de julio, la presidenta de la Comisi\u00f3n Europea, Ursula von der Leyen, y el mandatario estadounidense alcanzaron un acuerdo para resolver la disputa comercial sobre el aumento de aranceles, con el establecimiento de grav\u00e1menes de 15 por ciento para los productos europeos, mientras los 27 pa\u00edses del bloque deber\u00e1n realizar inversiones adicionales y compras de energ\u00eda y armamento.<\/p>\n<p>Bajo el acuerdo, Bruselas debe efectuar compras de energ\u00eda a Estados Unidos por valor de 750 mil millones de d\u00f3lares, inversiones por valor de 600 mil millones de d\u00f3lares y la adquisici\u00f3n de una \u201cenorme\u201d cantidad de equipo militar norteamericano.<\/p>\n<p><strong>La Uni\u00f3n Europea suspende aranceles a EU d\u00edas antes de su entrada en vigor<\/strong><\/p>\n<p>La Comisi\u00f3n Europea suspendi\u00f3 formalmente este martes los aranceles de represalia previstos sobre importaciones estadounidenses por valor de 93 mil millones de euros (unos 108 mil millones de d\u00f3lares), apenas unos d\u00edas antes de que entraran en vigor.<\/p>\n<p>El portavoz de comercio de la Comisi\u00f3n, Olof Gill, se\u00f1al\u00f3 en conferencia que la decisi\u00f3n se adopt\u00f3 mediante un procedimiento de urgencia y requerir\u00e1 la aprobaci\u00f3n formal por mayor\u00eda simple de los pa\u00edses miembros en el plazo de dos semanas.<\/p>\n<p>Estaba previsto que los aranceles entraran en vigor el 7 de agosto.<\/p>\n<p>Previo al anuncio de Gill, aumentaron las cr\u00edticas de los principales Estados miembros, entre ellos Francia y Alemania.<\/p>\n<p>El vicecanciller y ministro de Finanzas alem\u00e1n, Lars Klingbeil, expres\u00f3 su frustraci\u00f3n por lo que describi\u00f3 como una postura negociadora \u201cd\u00e9bil\u201d de la UE durante las conversaciones comerciales con Estados Unidos.<\/p>\n<p>\u201cCreo que fuimos demasiado d\u00e9biles. No podemos estar satisfechos con el resultado que se logr\u00f3\u201d, dijo Klingbeil, en referencia al acuerdo alcanzado a finales del mes pasado entre la presidenta de la Comisi\u00f3n Europea, y el presidente de Estados Unidos.<\/p>\n<p>Gill dijo que la suspensi\u00f3n se mantendr\u00e1 durante seis meses, durante los cuales continuar\u00e1 la implementaci\u00f3n del acuerdo m\u00e1s amplio. Si no se cumplen los compromisos, se\u00f1al\u00f3, la UE se reserva el derecho de reactivar sus contramedidas.<\/p>\n","protected":false},"excerpt":{"rendered":"<p>Mientras la Uni\u00f3n Europea suspendi\u00f3 formalmente este martes los aranceles a productos estadounidense por 93 mil millones de euros en<\/p>\n","protected":false},"author":4,"featured_media":68256,"comment_status":"closed","ping_status":"closed","sticky":false,"template":"","format":"standard","meta":{"colormag_page_container_layout":"default_layout","colormag_page_sidebar_layout":"default_layout","_jetpack_memberships_contains_paid_content":false,"footnotes":"","jetpack_publicize_message":"","jetpack_publicize_feature_enabled":true,"jetpack_social_post_already_shared":true,"jetpack_social_options":{"image_generator_settings":{"template":"highway","default_image_id":0,"font":"","enabled":false},"version":2}},"categories":[2050],"tags":[],"class_list":["post-68255","post","type-post","status-publish","format-standard","has-post-thumbnail","hentry","category-economia"],"jetpack_publicize_connections":[],"jetpack_featured_media_url":"https:\/\/i0.wp.com\/politicosaldesnudo.com.mx\/wp-content\/uploads\/2025\/08\/LOCU.jpg?fit=771%2C493&ssl=1","jetpack-related-posts":[],"jetpack_sharing_enabled":true,"_links":{"self":[{"href":"https:\/\/politicosaldesnudo.com.mx\/index.php\/wp-json\/wp\/v2\/posts\/68255","targetHints":{"allow":["GET"]}}],"collection":[{"href":"https:\/\/politicosaldesnudo.com.mx\/index.php\/wp-json\/wp\/v2\/posts"}],"about":[{"href":"https:\/\/politicosaldesnudo.com.mx\/index.php\/wp-json\/wp\/v2\/types\/post"}],"author":[{"embeddable":true,"href":"https:\/\/politicosaldesnudo.com.mx\/index.php\/wp-json\/wp\/v2\/users\/4"}],"replies":[{"embeddable":true,"href":"https:\/\/politicosaldesnudo.com.mx\/index.php\/wp-json\/wp\/v2\/comments?post=68255"}],"version-history":[{"count":0,"href":"https:\/\/politicosaldesnudo.com.mx\/index.php\/wp-json\/wp\/v2\/posts\/68255\/revisions"}],"wp:featuredmedia":[{"embeddable":true,"href":"https:\/\/politicosaldesnudo.com.mx\/index.php\/wp-json\/wp\/v2\/media\/68256"}],"wp:attachment":[{"href":"https:\/\/politicosaldesnudo.com.mx\/index.php\/wp-json\/wp\/v2\/media?parent=68255"}],"wp:term":[{"taxonomy":"category","embeddable":true,"href":"https:\/\/politicosaldesnudo.com.mx\/index.php\/wp-json\/wp\/v2\/categories?post=68255"},{"taxonomy":"post_tag","embeddable":true,"href":"https:\/\/politicosaldesnudo.com.mx\/index.php\/wp-json\/wp\/v2\/tags?post=68255"}],"curies":[{"name":"wp","href":"https:\/\/api.w.org\/{rel}","templated":true}]}}