{"id":68264,"date":"2025-08-06T00:15:50","date_gmt":"2025-08-06T06:15:50","guid":{"rendered":"https:\/\/politicosaldesnudo.com.mx\/?p=68264"},"modified":"2025-08-05T23:20:03","modified_gmt":"2025-08-06T05:20:03","slug":"detienen-a-activista-que-promovia-caravana-migrante-en-tapachula","status":"publish","type":"post","link":"https:\/\/politicosaldesnudo.com.mx\/index.php\/2025\/08\/06\/detienen-a-activista-que-promovia-caravana-migrante-en-tapachula\/","title":{"rendered":"Detienen a activista que promov\u00eda Caravana migrante en Tapachula"},"content":{"rendered":"<p class=\"nota-justify\">Agentes de la Secretar\u00eda de Seguridad Federal detuvieron al activista Luis Garc\u00eda Villagr\u00e1n, Coordinador del Centro de Dignificaci\u00f3n Humana A.C., quien promov\u00eda la convocatoria para que migrantes salgan en Caravana ma\u00f1ana mi\u00e9rcoles desde Tapachula, en la frontera sur del pa\u00eds.<\/p>\n<p class=\"nota-justify\">El defensor hab\u00eda participado esta ma\u00f1ana en una manifestaci\u00f3n en el Parque Bicentenario, punto desde donde pretende salir el autodenominado \u201c\u00c9xodo de la Justicia\u201d, y se dirig\u00eda a su domicilio cuando fue interceptado por los agentes federales.<\/p>\n<p class=\"nota-justify\">Fuentes de seguridad confirmaron la aprehensi\u00f3n de Garc\u00eda Villagr\u00e1n, pero no dieron detalles de los delitos que se le acusan.<\/p>\n<p class=\"nota-justify\">El Coordinador del Centro de Dignificaci\u00f3n Humana A.C., ha acusado en reiteradas ocasiones al Instituto Nacional de Migraci\u00f3n y a la Comisi\u00f3n Mexicana de Ayuda a Refugiados por presuntos actos de corrupci\u00f3n por la venta de documentos a la poblaci\u00f3n indocumentada.<\/p>\n<p class=\"nota-justify\">Ayer incluso acompa\u00f1\u00f3 una protesta de decenas de migrantes afuera de las oficinas de Comar en esta ciudad para denunciar la demora y negativa a los tr\u00e1mites de asilo, pero que se resuelven r\u00e1pido a migrantes que pagan sumas considerables a trav\u00e9s de supuestos gestores.<\/p>\n<p class=\"nota-justify\">Ese escenario, han se\u00f1alado, ha sido la causa principal para que los migrantes quieran salir de la frontera sur adem\u00e1s de la falta de empleos y altos costos de vida, en busca de llegar a otras ciudades con mejores sueldos y oportunidades.<\/p>\n<p class=\"nota-justify\">El a\u00f1o pasado el activista enfrent\u00f3 un proceso judicial por supuestas denuncias de migrantes que lo acusaban de extorsi\u00f3n.<\/p>\n<p class=\"nota-justify\">Migrantes se\u00f1alaron que la Caravana sigue en pie y conf\u00edan que el activista sea liberado en las pr\u00f3ximas horas y pueda integrarse al movimiento.<\/p>\n","protected":false},"excerpt":{"rendered":"<p>Agentes de la Secretar\u00eda de Seguridad Federal detuvieron al activista Luis Garc\u00eda Villagr\u00e1n, Coordinador del Centro de Dignificaci\u00f3n Humana A.C.,<\/p>\n","protected":false},"author":4,"featured_media":68265,"comment_status":"closed","ping_status":"closed","sticky":false,"template":"","format":"standard","meta":{"colormag_page_container_layout":"default_layout","colormag_page_sidebar_layout":"default_layout","_jetpack_memberships_contains_paid_content":false,"footnotes":"","jetpack_publicize_message":"","jetpack_publicize_feature_enabled":true,"jetpack_social_post_already_shared":true,"jetpack_social_options":{"image_generator_settings":{"template":"highway","default_image_id":0,"font":"","enabled":false},"version":2}},"categories":[30],"tags":[],"class_list":["post-68264","post","type-post","status-publish","format-standard","has-post-thumbnail","hentry","category-estados"],"jetpack_publicize_connections":[],"jetpack_featured_media_url":"https:\/\/i0.wp.com\/politicosaldesnudo.com.mx\/wp-content\/uploads\/2025\/08\/CAMI.jpg?fit=716%2C515&ssl=1","jetpack-related-posts":[],"jetpack_sharing_enabled":true,"_links":{"self":[{"href":"https:\/\/politicosaldesnudo.com.mx\/index.php\/wp-json\/wp\/v2\/posts\/68264","targetHints":{"allow":["GET"]}}],"collection":[{"href":"https:\/\/politicosaldesnudo.com.mx\/index.php\/wp-json\/wp\/v2\/posts"}],"about":[{"href":"https:\/\/politicosaldesnudo.com.mx\/index.php\/wp-json\/wp\/v2\/types\/post"}],"author":[{"embeddable":true,"href":"https:\/\/politicosaldesnudo.com.mx\/index.php\/wp-json\/wp\/v2\/users\/4"}],"replies":[{"embeddable":true,"href":"https:\/\/politicosaldesnudo.com.mx\/index.php\/wp-json\/wp\/v2\/comments?post=68264"}],"version-history":[{"count":0,"href":"https:\/\/politicosaldesnudo.com.mx\/index.php\/wp-json\/wp\/v2\/posts\/68264\/revisions"}],"wp:featuredmedia":[{"embeddable":true,"href":"https:\/\/politicosaldesnudo.com.mx\/index.php\/wp-json\/wp\/v2\/media\/68265"}],"wp:attachment":[{"href":"https:\/\/politicosaldesnudo.com.mx\/index.php\/wp-json\/wp\/v2\/media?parent=68264"}],"wp:term":[{"taxonomy":"category","embeddable":true,"href":"https:\/\/politicosaldesnudo.com.mx\/index.php\/wp-json\/wp\/v2\/categories?post=68264"},{"taxonomy":"post_tag","embeddable":true,"href":"https:\/\/politicosaldesnudo.com.mx\/index.php\/wp-json\/wp\/v2\/tags?post=68264"}],"curies":[{"name":"wp","href":"https:\/\/api.w.org\/{rel}","templated":true}]}}