{"id":68267,"date":"2025-08-06T00:16:45","date_gmt":"2025-08-06T06:16:45","guid":{"rendered":"https:\/\/politicosaldesnudo.com.mx\/?p=68267"},"modified":"2025-08-05T23:22:07","modified_gmt":"2025-08-06T05:22:07","slug":"rinde-protesta-el-general-oscar-garcia-como-nuevo-mando-de-la-gn-en-guerrero","status":"publish","type":"post","link":"https:\/\/politicosaldesnudo.com.mx\/index.php\/2025\/08\/06\/rinde-protesta-el-general-oscar-garcia-como-nuevo-mando-de-la-gn-en-guerrero\/","title":{"rendered":"Rinde protesta el general Oscar Garc\u00eda como nuevo mando de la GN en Guerrero"},"content":{"rendered":"<p class=\"nota-justify\">Esta ma\u00f1ana en las instalaciones de la comandancia de la Guardia Nacional (GN), en el poblado del Ocotito, municipio de Chilpancingo, se llev\u00f3 a cabo la toma de protesta del general, Oscar Garc\u00eda Ponce de Le\u00f3n, como coordinador de esta instituci\u00f3n en Guerrero, en sustituci\u00f3n de Gregorio Espinoza Toledo.<\/p>\n<p class=\"nota-justify\">Ponce de Le\u00f3n es originario del estado de Morelos, adem\u00e1s es el s\u00e9ptimo funcionario en ocupar el mando de la GN en Guerrero durante el periodo 2020-2025.<\/p>\n<p class=\"nota-justify\">El nombramiento se hace p\u00fablico a un d\u00eda de que la gobernadora, Evelyn Salgado Pineda, se reuni\u00f3 en la Ciudad de M\u00e9xico con el titular de la Secretar\u00eda de Seguridad y Protecci\u00f3n Ciudadana, Omar Garc\u00eda Harfuch.<\/p>\n<p class=\"nota-justify\">Salgado Pineda estuvo presente en el cambio de mando de la Guardia Nacional, tambi\u00e9n le acompa\u00f1aron el fiscal del estado, Zipacn\u00e1 Jes\u00fas Torres; el presidente del Tribunal Superior de Justicia del Estado de Guerrero, Ricardo Salinas Sandoval; as\u00ed como el general de Brigada Regi\u00f3n sur-sureste de la GN, Sa\u00fal Luna Jaimes, quien le tom\u00f3 protesta al nuevo coordinador de la GN en la entidad.<\/p>\n<p class=\"nota-justify\">En su intervenci\u00f3n, la gobernadora, Evelyn Salgado, reconoci\u00f3 el apoyo de la Guardia Nacional en Guerrero y se\u00f1al\u00f3 que los agentes de esa corporaci\u00f3n \u201cno s\u00f3lo han servido en el \u00e1mbito de la construcci\u00f3n de paz, sino en el auxilio a la poblaci\u00f3n, sobre todo en los desastres naturales\u201d.<\/p>\n<p class=\"nota-justify\">Se\u00f1al\u00f3 que con este cambio de mando de la Guardia Nacional en la entidad, \u201cse inicia un nuevo cap\u00edtulo con la toma de posesi\u00f3n y protesta del general Oscar Garc\u00eda Ponce de Le\u00f3n\u201d.<\/p>\n<p class=\"nota-justify\">Tambi\u00e9n reconoci\u00f3 y agradeci\u00f3 al general, Gregorio Espinoza Toledo, quien hoy dej\u00f3 el mando de la GN en el estado, que hab\u00eda asumido en noviembre de 2024.<\/p>\n<p class=\"nota-justify\">Oscar Garc\u00eda Ponce de Le\u00f3n se destac\u00f3 como comandante de sellamiento, para atender el robo de hidrocarburos sobre los ductos de Pemex, en los estados de M\u00e9xico, Hidalgo, Quer\u00e9taro, Guanajuato y Jalisco; adem\u00e1s, fue jefe del estado mayor de la Guardia Nacional Acapulco desde su creaci\u00f3n.<\/p>\n<p class=\"nota-justify\">Los otros seis mandos que ha tenido la Guardia Nacional en Guerrero son Gregorio Espinoza, Ulises Ordu\u00f1a Campos, Marcos Burgos Lagorreta, Andr\u00e9s Ram\u00edrez Xochicalli, Luis Valent\u00edn Iglesias Sol\u00f3rzano, y V\u00edctor Fern\u00e1ndez Mondrag\u00f3n.<\/p>\n","protected":false},"excerpt":{"rendered":"<p>Esta ma\u00f1ana en las instalaciones de la comandancia de la Guardia Nacional (GN), en el poblado del Ocotito, municipio de<\/p>\n","protected":false},"author":4,"featured_media":68268,"comment_status":"closed","ping_status":"closed","sticky":false,"template":"","format":"standard","meta":{"colormag_page_container_layout":"default_layout","colormag_page_sidebar_layout":"default_layout","_jetpack_memberships_contains_paid_content":false,"footnotes":"","jetpack_publicize_message":"","jetpack_publicize_feature_enabled":true,"jetpack_social_post_already_shared":true,"jetpack_social_options":{"image_generator_settings":{"template":"highway","default_image_id":0,"font":"","enabled":false},"version":2}},"categories":[30],"tags":[],"class_list":["post-68267","post","type-post","status-publish","format-standard","has-post-thumbnail","hentry","category-estados"],"jetpack_publicize_connections":[],"jetpack_featured_media_url":"https:\/\/i0.wp.com\/politicosaldesnudo.com.mx\/wp-content\/uploads\/2025\/08\/RI.jpg?fit=773%2C491&ssl=1","jetpack-related-posts":[],"jetpack_sharing_enabled":true,"_links":{"self":[{"href":"https:\/\/politicosaldesnudo.com.mx\/index.php\/wp-json\/wp\/v2\/posts\/68267","targetHints":{"allow":["GET"]}}],"collection":[{"href":"https:\/\/politicosaldesnudo.com.mx\/index.php\/wp-json\/wp\/v2\/posts"}],"about":[{"href":"https:\/\/politicosaldesnudo.com.mx\/index.php\/wp-json\/wp\/v2\/types\/post"}],"author":[{"embeddable":true,"href":"https:\/\/politicosaldesnudo.com.mx\/index.php\/wp-json\/wp\/v2\/users\/4"}],"replies":[{"embeddable":true,"href":"https:\/\/politicosaldesnudo.com.mx\/index.php\/wp-json\/wp\/v2\/comments?post=68267"}],"version-history":[{"count":0,"href":"https:\/\/politicosaldesnudo.com.mx\/index.php\/wp-json\/wp\/v2\/posts\/68267\/revisions"}],"wp:featuredmedia":[{"embeddable":true,"href":"https:\/\/politicosaldesnudo.com.mx\/index.php\/wp-json\/wp\/v2\/media\/68268"}],"wp:attachment":[{"href":"https:\/\/politicosaldesnudo.com.mx\/index.php\/wp-json\/wp\/v2\/media?parent=68267"}],"wp:term":[{"taxonomy":"category","embeddable":true,"href":"https:\/\/politicosaldesnudo.com.mx\/index.php\/wp-json\/wp\/v2\/categories?post=68267"},{"taxonomy":"post_tag","embeddable":true,"href":"https:\/\/politicosaldesnudo.com.mx\/index.php\/wp-json\/wp\/v2\/tags?post=68267"}],"curies":[{"name":"wp","href":"https:\/\/api.w.org\/{rel}","templated":true}]}}