{"id":68299,"date":"2025-08-06T20:55:00","date_gmt":"2025-08-07T02:55:00","guid":{"rendered":"https:\/\/politicosaldesnudo.com.mx\/?p=68299"},"modified":"2025-08-06T20:55:00","modified_gmt":"2025-08-07T02:55:00","slug":"los-excesos-de-dato-protegido-y-un-diputado-pachecon","status":"publish","type":"post","link":"https:\/\/politicosaldesnudo.com.mx\/index.php\/2025\/08\/06\/los-excesos-de-dato-protegido-y-un-diputado-pachecon\/","title":{"rendered":"Los excesos de Dato Protegido y un diputado Pachec\u00f3n"},"content":{"rendered":"<p style=\"font-weight: 400;\"><em>\u201cLa verdad se robustece con la investigaci\u00f3n y la dilaci\u00f3n; la falsedad, con el apresuramiento y la incertidumbre\u201d. \u2013 T\u00e1cito.<\/em><\/p>\n<p style=\"font-weight: 400;\"><strong>En un pa\u00eds donde millones luchan por sobrevivir d\u00eda con d\u00eda, la obscena ostentaci\u00f3n de la diputada Diana Karina Barreras conocida globalmente como Diputada Dato Protegido\u2014del PT y ex presidenta de la Mesa Directiva del Congreso de Sonora\u2014 y su esposo, el diputado federal Sergio Guti\u00e9rrez Luna, es un insulto a la dignidad del pueblo mexicano.<\/strong><\/p>\n<p style=\"font-weight: 400;\"><strong>Ambos han hecho de la pol\u00edtica un escaparate de vanidades, frivolidades y lujos inalcanzables para el ciudadano com\u00fan, como si su encargo les otorgara licencia para despilfarrar y re\u00edrse del mandato de austeridad que dicen defender.<\/strong><\/p>\n<p style=\"font-weight: 400;\"><strong>Con un gasto personal que supera los 1.7 millones de pesos en art\u00edculos de lujo, la pareja se pasea por el pa\u00eds y el extranjero portando relojes de hasta 681 mil pesos (Hublot), bolsas de 100 mil pesos (Prada), chamarras de piel de 34 mil pesos (Ferrari), lentes Chanel de 20 mil pesos y zapatos de dise\u00f1ador que rebasan los 18 mil pesos. Esto, sin contar el reciente viaje a Nueva York en el que ambos volaron en primera clase, con boletos estimados en 50 mil pesos por persona, solo de ida. Todo con un sueldo de servidor p\u00fablico.\u00a0<a href=\"https:\/\/www.elfinanciero.com.mx\/estilo\/2025\/08\/05\/cuanto-ha-gastado-diputada-diana-karina-barreras-dato-protegido-en-accesorios-y-joyas\/\" data-saferedirecturl=\"https:\/\/www.google.com\/url?q=https:\/\/www.elfinanciero.com.mx\/estilo\/2025\/08\/05\/cuanto-ha-gastado-diputada-diana-karina-barreras-dato-protegido-en-accesorios-y-joyas\/&amp;source=gmail&amp;ust=1754621450100000&amp;usg=AOvVaw0WV5OPtoKPq0KytH8VonVD\">https:\/\/www.elfinanciero.com.mx\/estilo\/2025\/08\/05\/cuanto-ha-gastado-diputada-diana-karina-barreras-dato-protegido-en-accesorios-y-joyas\/<\/a><\/strong><\/p>\n<p style=\"font-weight: 400;\"><strong>\u00bfDe qu\u00e9 sirve el fuero, si se usa como escudo para el derroche? \u00bfQu\u00e9 aporta al Congreso una diputada que gasta m\u00e1s en accesorios que en propuestas? \u00bfQu\u00e9 ejemplo da un diputado que sue\u00f1a con gobernar Veracruz mientras presume relojes Cartier y baila al ritmo de Ozzy Osbourne, a quien incluso rindi\u00f3 homenaje p\u00fablico tras su muerte? Lo suyo no es pol\u00edtica, es rock and roll de mal gusto.<\/strong><\/p>\n<p style=\"font-weight: 400;\"><strong>En el recinto legislativo, ambos han mostrado una conducta reprobable. Han convertido el Congreso en una feria de pueblo, donde reina el protagonismo, el exhibicionismo y la vanidad. Sergio, m\u00e1s ocupado en su afici\u00f3n al f\u00fatbol y en sus poses rockeras, parece haber olvidado que alguna vez pretendi\u00f3 gobernar Veracruz. Diana Karina la famosa Dato Protegido, por su parte, se ha convertido en un \u00edcono de la frivolidad, lejos del compromiso que exige su investidura.<\/strong><\/p>\n<p style=\"font-weight: 400;\"><strong>Gracias a Dios, Veracruz se salv\u00f3 de tener a estos personajes al frente del gobierno estatal. Su superficialidad, su desenfreno y su falta total de empat\u00eda con la realidad mexicana los descalifican como l\u00edderes. El pueblo no necesita diputados influencers ni mandatarios de pasarela: necesita servidores p\u00fablicos reales, con los pies en la tierra y la conciencia en su gente.<\/strong><\/p>\n<p style=\"font-weight: 400;\"><strong>Por ahora, lo \u00fanico que nos dejan es la verg\u00fcenza ajena\u2026 y la cuenta por pagar.<\/strong><\/p>\n<p style=\"font-weight: 400;\"><strong>Al tiempo.<\/strong><\/p>\n<p><img data-recalc-dims=\"1\" loading=\"lazy\" decoding=\"async\" class=\"aligncenter size-full wp-image-68144\" src=\"https:\/\/i0.wp.com\/politicosaldesnudo.com.mx\/wp-content\/uploads\/2025\/08\/FIRMA-EDITORIAL-PD-1.jpg?resize=800%2C98&#038;ssl=1\" alt=\"\" width=\"800\" height=\"98\" srcset=\"https:\/\/i0.wp.com\/politicosaldesnudo.com.mx\/wp-content\/uploads\/2025\/08\/FIRMA-EDITORIAL-PD-1.jpg?w=1024&amp;ssl=1 1024w, https:\/\/i0.wp.com\/politicosaldesnudo.com.mx\/wp-content\/uploads\/2025\/08\/FIRMA-EDITORIAL-PD-1.jpg?resize=300%2C37&amp;ssl=1 300w, https:\/\/i0.wp.com\/politicosaldesnudo.com.mx\/wp-content\/uploads\/2025\/08\/FIRMA-EDITORIAL-PD-1.jpg?resize=768%2C94&amp;ssl=1 768w\" sizes=\"auto, (max-width: 800px) 100vw, 800px\" \/><\/p>\n","protected":false},"excerpt":{"rendered":"<p>\u201cLa verdad se robustece con la investigaci\u00f3n y la dilaci\u00f3n; la falsedad, con el apresuramiento y la incertidumbre\u201d. \u2013 T\u00e1cito.<\/p>\n","protected":false},"author":4,"featured_media":36965,"comment_status":"closed","ping_status":"closed","sticky":false,"template":"","format":"standard","meta":{"colormag_page_container_layout":"default_layout","colormag_page_sidebar_layout":"default_layout","_jetpack_memberships_contains_paid_content":false,"footnotes":"","jetpack_publicize_message":"","jetpack_publicize_feature_enabled":true,"jetpack_social_post_already_shared":true,"jetpack_social_options":{"image_generator_settings":{"template":"highway","default_image_id":0,"font":"","enabled":false},"version":2}},"categories":[26],"tags":[],"class_list":["post-68299","post","type-post","status-publish","format-standard","has-post-thumbnail","hentry","category-columnistas"],"jetpack_publicize_connections":[],"jetpack_featured_media_url":"https:\/\/i0.wp.com\/politicosaldesnudo.com.mx\/wp-content\/uploads\/2024\/05\/LUIS-RAMIREZ-BAQUEIRO.jpg?fit=800%2C445&ssl=1","jetpack-related-posts":[],"jetpack_sharing_enabled":true,"_links":{"self":[{"href":"https:\/\/politicosaldesnudo.com.mx\/index.php\/wp-json\/wp\/v2\/posts\/68299","targetHints":{"allow":["GET"]}}],"collection":[{"href":"https:\/\/politicosaldesnudo.com.mx\/index.php\/wp-json\/wp\/v2\/posts"}],"about":[{"href":"https:\/\/politicosaldesnudo.com.mx\/index.php\/wp-json\/wp\/v2\/types\/post"}],"author":[{"embeddable":true,"href":"https:\/\/politicosaldesnudo.com.mx\/index.php\/wp-json\/wp\/v2\/users\/4"}],"replies":[{"embeddable":true,"href":"https:\/\/politicosaldesnudo.com.mx\/index.php\/wp-json\/wp\/v2\/comments?post=68299"}],"version-history":[{"count":0,"href":"https:\/\/politicosaldesnudo.com.mx\/index.php\/wp-json\/wp\/v2\/posts\/68299\/revisions"}],"wp:featuredmedia":[{"embeddable":true,"href":"https:\/\/politicosaldesnudo.com.mx\/index.php\/wp-json\/wp\/v2\/media\/36965"}],"wp:attachment":[{"href":"https:\/\/politicosaldesnudo.com.mx\/index.php\/wp-json\/wp\/v2\/media?parent=68299"}],"wp:term":[{"taxonomy":"category","embeddable":true,"href":"https:\/\/politicosaldesnudo.com.mx\/index.php\/wp-json\/wp\/v2\/categories?post=68299"},{"taxonomy":"post_tag","embeddable":true,"href":"https:\/\/politicosaldesnudo.com.mx\/index.php\/wp-json\/wp\/v2\/tags?post=68299"}],"curies":[{"name":"wp","href":"https:\/\/api.w.org\/{rel}","templated":true}]}}