{"id":68313,"date":"2025-08-07T00:05:13","date_gmt":"2025-08-07T06:05:13","guid":{"rendered":"https:\/\/politicosaldesnudo.com.mx\/?p=68313"},"modified":"2025-08-06T21:36:29","modified_gmt":"2025-08-07T03:36:29","slug":"se-despide-laynez-potisek-de-scjn-ante-cierre-anticipado-por-reforma-judicial","status":"publish","type":"post","link":"https:\/\/politicosaldesnudo.com.mx\/index.php\/2025\/08\/07\/se-despide-laynez-potisek-de-scjn-ante-cierre-anticipado-por-reforma-judicial\/","title":{"rendered":"Se despide Laynez Potisek de SCJN ante cierre anticipado por reforma judicial"},"content":{"rendered":"<p class=\"nota-justify\">El ministro Javier Laynez Potisek se tom\u00f3 este mi\u00e9rcoles la foto del recuerdo con su ponencia, un equipo de casi 40 personas, a d\u00edas de que el 31 de agosto concluya, de manera anticipada, el encargo de la actual integraci\u00f3n de la Suprema Corte de Justicia de la Naci\u00f3n (SCJN), por mandato de la \u00faltima reforma judicial. La imagen fue capturada en el \u00e1rea de murales de la sede del m\u00e1ximo tribunal.<\/p>\n<p class=\"nota-justify\">El mismo d\u00eda, Laynez Potisek tambi\u00e9n se despidi\u00f3 de sus compa\u00f1eros y equipo de trabajo en la Segunda Sala, la cual celebr\u00f3 su \u00faltima sesi\u00f3n antes de extinguirse, tras 30 a\u00f1os de operaci\u00f3n.<\/p>\n<p class=\"nota-justify\">\u201cEsta sesi\u00f3n representa el fin de una etapa que marc\u00f3, sin duda, el orden jur\u00eddico federal y, a trav\u00e9s de los criterios obligatorios, en el orden jur\u00eddico local. Desde su creaci\u00f3n, la Sala asumi\u00f3, con responsabilidad, la tarea de resolver asuntos de alt\u00edsima complejidad en la vasta materia administrativa, incluye la materia fiscal, en materia laboral, seguridad social y materia agraria; y lo hizo siempre con apego a la Constituci\u00f3n, buscando siempre la aplicaci\u00f3n estricta del Derecho y de la justicia. Aqu\u00ed, debatieron y debatimos, resolvieron y resolvimos asuntos que impactaron la vida de muchas ciudadanas y ciudadanos mexicanos\u201d, dijo Laynez en la sesi\u00f3n de la sala.<\/p>\n","protected":false},"excerpt":{"rendered":"<p>El ministro Javier Laynez Potisek se tom\u00f3 este mi\u00e9rcoles la foto del recuerdo con su ponencia, un equipo de casi<\/p>\n","protected":false},"author":4,"featured_media":68314,"comment_status":"closed","ping_status":"closed","sticky":false,"template":"","format":"standard","meta":{"colormag_page_container_layout":"default_layout","colormag_page_sidebar_layout":"default_layout","_jetpack_memberships_contains_paid_content":false,"footnotes":"","jetpack_publicize_message":"","jetpack_publicize_feature_enabled":true,"jetpack_social_post_already_shared":true,"jetpack_social_options":{"image_generator_settings":{"template":"highway","default_image_id":0,"font":"","enabled":false},"version":2}},"categories":[33],"tags":[],"class_list":["post-68313","post","type-post","status-publish","format-standard","has-post-thumbnail","hentry","category-nacional"],"jetpack_publicize_connections":[],"jetpack_featured_media_url":"https:\/\/i0.wp.com\/politicosaldesnudo.com.mx\/wp-content\/uploads\/2025\/08\/LAY.jpg?fit=768%2C503&ssl=1","jetpack-related-posts":[],"jetpack_sharing_enabled":true,"_links":{"self":[{"href":"https:\/\/politicosaldesnudo.com.mx\/index.php\/wp-json\/wp\/v2\/posts\/68313","targetHints":{"allow":["GET"]}}],"collection":[{"href":"https:\/\/politicosaldesnudo.com.mx\/index.php\/wp-json\/wp\/v2\/posts"}],"about":[{"href":"https:\/\/politicosaldesnudo.com.mx\/index.php\/wp-json\/wp\/v2\/types\/post"}],"author":[{"embeddable":true,"href":"https:\/\/politicosaldesnudo.com.mx\/index.php\/wp-json\/wp\/v2\/users\/4"}],"replies":[{"embeddable":true,"href":"https:\/\/politicosaldesnudo.com.mx\/index.php\/wp-json\/wp\/v2\/comments?post=68313"}],"version-history":[{"count":0,"href":"https:\/\/politicosaldesnudo.com.mx\/index.php\/wp-json\/wp\/v2\/posts\/68313\/revisions"}],"wp:featuredmedia":[{"embeddable":true,"href":"https:\/\/politicosaldesnudo.com.mx\/index.php\/wp-json\/wp\/v2\/media\/68314"}],"wp:attachment":[{"href":"https:\/\/politicosaldesnudo.com.mx\/index.php\/wp-json\/wp\/v2\/media?parent=68313"}],"wp:term":[{"taxonomy":"category","embeddable":true,"href":"https:\/\/politicosaldesnudo.com.mx\/index.php\/wp-json\/wp\/v2\/categories?post=68313"},{"taxonomy":"post_tag","embeddable":true,"href":"https:\/\/politicosaldesnudo.com.mx\/index.php\/wp-json\/wp\/v2\/tags?post=68313"}],"curies":[{"name":"wp","href":"https:\/\/api.w.org\/{rel}","templated":true}]}}