{"id":68322,"date":"2025-08-07T00:08:07","date_gmt":"2025-08-07T06:08:07","guid":{"rendered":"https:\/\/politicosaldesnudo.com.mx\/?p=68322"},"modified":"2025-08-06T21:44:26","modified_gmt":"2025-08-07T03:44:26","slug":"harfuch-designa-a-luis-rodriguez-diaz-como-subsecretario-de-politica-criminal-de-sspc","status":"publish","type":"post","link":"https:\/\/politicosaldesnudo.com.mx\/index.php\/2025\/08\/07\/harfuch-designa-a-luis-rodriguez-diaz-como-subsecretario-de-politica-criminal-de-sspc\/","title":{"rendered":"Harfuch designa a Luis Rodr\u00edguez D\u00edaz como subsecretario de Pol\u00edtica Criminal de SSPC"},"content":{"rendered":"<p class=\"nota-justify\">Design\u00f3 Omar Garc\u00eda Harfuch, titular de la Secretar\u00eda de Seguridad y Protecci\u00f3n Ciudadana (SSPC), a Luis Rodr\u00edguez D\u00edaz de Le\u00f3n, como subsecretario de Pol\u00edtica Criminal, Vinculaci\u00f3n y Protecci\u00f3n Civil.<\/p>\n<p class=\"nota-justify\">Garc\u00eda Harfuch resalt\u00f3 en su cuenta de \u00abX\u00bb (antes Twitter), que con el nombramiento Rodr\u00edguez D\u00edaz de Le\u00f3n, y el trabajo en conjunto, se fortalecen \u00ablas estrategias de Prevenci\u00f3n del delito, Seguridad \u00a0y Protecci\u00f3n Civil, para alcanzar una paz duradera\u00bb.<\/p>\n<p class=\"nota-justify\">La Subsecretar\u00eda de Pol\u00edtica Criminal, Vinculaci\u00f3n y Protecci\u00f3n Civil tiene la responsabilidad de dise\u00f1ar la pol\u00edtica de seguridad, adem\u00e1s de coordinar respuestas institucionales en protecci\u00f3n civil y justicia.<\/p>\n<p class=\"nota-justify\">La SSCP explic\u00f3 que Rodr\u00edguez D\u00edaz de Le\u00f3n asumi\u00f3 su cargo desde el pasado 1 de agosto, \u00abcon el prop\u00f3sito de reforzar la prevenci\u00f3n del delito, la seguridad ciudadana, la protecci\u00f3n civil y la coordinaci\u00f3n interinstitucional a nivel nacional\u00bb.<\/p>\n<p class=\"nota-justify\">La Estrategia Nacional de Seguridad P\u00fablica 2024\u20132030, prioriza el desarrollo de pol\u00edticas p\u00fablicas para garantizar el bienestar social, el acceso a la educaci\u00f3n, la salud, el empleo, la vivienda, el deporte y la cultura, especialmente entre j\u00f3venes y grupos en situaci\u00f3n de vulnerabilidad.<\/p>\n<p class=\"nota-justify\">\u00abBajo esta visi\u00f3n, la subsecretar\u00eda coordinar\u00e1 acciones transversales orientadas a construir condiciones de vida dignas que prevengan la violencia desde su origen\u00bb, refiri\u00f3 la SSPC.<\/p>\n<p>Rodr\u00edguez D\u00edaz de Le\u00f3n es licenciado y maestro en derecho por la UNAM; fue presidente del Tribunal Federal de Conciliaci\u00f3n y Arbitraje y Secretario de Trabajo y Fomento al Empleo de la Ciudad de M\u00e9xico. Tambi\u00e9n fue diputado en la Primera Legislatura del Congreso de la Ciudad de M\u00e9xico y profesor en la UNAM y la Universidad Iberoamericana.<\/p>\n","protected":false},"excerpt":{"rendered":"<p>Design\u00f3 Omar Garc\u00eda Harfuch, titular de la Secretar\u00eda de Seguridad y Protecci\u00f3n Ciudadana (SSPC), a Luis Rodr\u00edguez D\u00edaz de Le\u00f3n,<\/p>\n","protected":false},"author":4,"featured_media":68323,"comment_status":"closed","ping_status":"closed","sticky":false,"template":"","format":"standard","meta":{"colormag_page_container_layout":"default_layout","colormag_page_sidebar_layout":"default_layout","_jetpack_memberships_contains_paid_content":false,"footnotes":"","jetpack_publicize_message":"","jetpack_publicize_feature_enabled":true,"jetpack_social_post_already_shared":true,"jetpack_social_options":{"image_generator_settings":{"template":"highway","default_image_id":0,"font":"","enabled":false},"version":2}},"categories":[33],"tags":[],"class_list":["post-68322","post","type-post","status-publish","format-standard","has-post-thumbnail","hentry","category-nacional"],"jetpack_publicize_connections":[],"jetpack_featured_media_url":"https:\/\/i0.wp.com\/politicosaldesnudo.com.mx\/wp-content\/uploads\/2025\/08\/NENA.jpg?fit=759%2C539&ssl=1","jetpack-related-posts":[],"jetpack_sharing_enabled":true,"_links":{"self":[{"href":"https:\/\/politicosaldesnudo.com.mx\/index.php\/wp-json\/wp\/v2\/posts\/68322","targetHints":{"allow":["GET"]}}],"collection":[{"href":"https:\/\/politicosaldesnudo.com.mx\/index.php\/wp-json\/wp\/v2\/posts"}],"about":[{"href":"https:\/\/politicosaldesnudo.com.mx\/index.php\/wp-json\/wp\/v2\/types\/post"}],"author":[{"embeddable":true,"href":"https:\/\/politicosaldesnudo.com.mx\/index.php\/wp-json\/wp\/v2\/users\/4"}],"replies":[{"embeddable":true,"href":"https:\/\/politicosaldesnudo.com.mx\/index.php\/wp-json\/wp\/v2\/comments?post=68322"}],"version-history":[{"count":0,"href":"https:\/\/politicosaldesnudo.com.mx\/index.php\/wp-json\/wp\/v2\/posts\/68322\/revisions"}],"wp:featuredmedia":[{"embeddable":true,"href":"https:\/\/politicosaldesnudo.com.mx\/index.php\/wp-json\/wp\/v2\/media\/68323"}],"wp:attachment":[{"href":"https:\/\/politicosaldesnudo.com.mx\/index.php\/wp-json\/wp\/v2\/media?parent=68322"}],"wp:term":[{"taxonomy":"category","embeddable":true,"href":"https:\/\/politicosaldesnudo.com.mx\/index.php\/wp-json\/wp\/v2\/categories?post=68322"},{"taxonomy":"post_tag","embeddable":true,"href":"https:\/\/politicosaldesnudo.com.mx\/index.php\/wp-json\/wp\/v2\/tags?post=68322"}],"curies":[{"name":"wp","href":"https:\/\/api.w.org\/{rel}","templated":true}]}}