{"id":68328,"date":"2025-08-07T00:10:22","date_gmt":"2025-08-07T06:10:22","guid":{"rendered":"https:\/\/politicosaldesnudo.com.mx\/?p=68328"},"modified":"2025-08-06T22:57:36","modified_gmt":"2025-08-07T04:57:36","slug":"brasil-no-impondra-aranceles-reciprocos-a-eu-anuncia-lula","status":"publish","type":"post","link":"https:\/\/politicosaldesnudo.com.mx\/index.php\/2025\/08\/07\/brasil-no-impondra-aranceles-reciprocos-a-eu-anuncia-lula\/","title":{"rendered":"Brasil no impondr\u00e1 aranceles rec\u00edprocos a EU, anuncia Lula"},"content":{"rendered":"<p class=\"nota-justify\">El presidente de Brasil, Luiz In\u00e1cio Lula da Silva, afirm\u00f3 su pa\u00eds no va a aplicar aranceles rec\u00edprocos en represalia a Estados Unidos, para no agravar la situaci\u00f3n e indic\u00f3 que no pretende conversar con Donald Trump porque cree que el mandatario estadunidense no est\u00e1 dispuesto al di\u00e1logo y \u201cyo no me voy a humillar\u201d, afirm\u00f3.<\/p>\n<p class=\"nota-justify\">Las declaraciones del presidente de la mayor econom\u00eda de Am\u00e9rica Latina se dieron en una entrevista con la agencia de noticias Reuters el d\u00eda en que entr\u00f3 en vigor el incremento de 10 a 50 por ciento de las tarifas aduaneras que Trump impuso a Brasil, en un contexto de una disputa pol\u00edtica entre los dos pa\u00edses vinculada a una investigaci\u00f3n contra el ex presidente brasile\u00f1o Jair Bolsonaro.<\/p>\n<p class=\"nota-justify\">Lula dijo que hablar\u00e1 con los l\u00edderes de China e India para discutir una respuesta conjunta de los BRICS a los aranceles de Estados Unidos y adelant\u00f3 sus planes para crear una nueva pol\u00edtica nacional que trate los minerales estrat\u00e9gicos como un tema de \u201csoberan\u00eda nacional\u201d.<\/p>\n<p class=\"nota-justify\">Lula da Silva se\u00f1al\u00f3 que no ve espacio para conversaciones directas con el presidente de Estados Unidos. \u201cEl d\u00eda que mi intuici\u00f3n me diga que Trump est\u00e1 listo para hablar, no dudar\u00e9 en llamarlo\u201d. \u201cPero hoy mi intuici\u00f3n dice que no quiere hablar. Y no voy a humillarme\u201d, asegur\u00f3 Lula en la entrevista desde su residencia presidencial en Brasilia.<\/p>\n<p class=\"nota-justify\">De acuerdo con el gobierno brasile\u00f1o, 36 por ciento de las exportaciones a Estados Unidos se ver\u00e1n afectadas por los impuestos suplementarios. Estados Unidos otorg\u00f3 un plazo adicional a los productos cargados en barcos antes del 7 de agosto y que lleguen a Estados Unidos antes del 5 de octubre. Adem\u00e1s, excluy\u00f3 de los nuevos grav\u00e1menes productos como jugo de naranja, energ\u00eda, aeronaves civiles y sus componentes, fertilizantes, metales preciosos, pasta de celulosa o el arrabio, entre otros, pero incluy\u00f3 el caf\u00e9 y la carne.<\/p>\n<p class=\"nota-justify\">El presidente brasile\u00f1o aclar\u00f3 que no va a anunciar aranceles rec\u00edprocos, pero su gobierno tampoco renunciar\u00e1 a mantener conversaciones a nivel de gabinete. Indic\u00f3 que sus ministros tienen dificultades para entablar conversaciones con sus hom\u00f3logos estadounidenses, por lo que su gobierno est\u00e1 centrado en medidas internas para amortiguar el golpe econ\u00f3mico de los aranceles estadounidenses, manteniendo al mismo tiempo la \u201cresponsabilidad fiscal\u201d.<\/p>\n","protected":false},"excerpt":{"rendered":"<p>El presidente de Brasil, Luiz In\u00e1cio Lula da Silva, afirm\u00f3 su pa\u00eds no va a aplicar aranceles rec\u00edprocos en represalia<\/p>\n","protected":false},"author":4,"featured_media":68329,"comment_status":"closed","ping_status":"closed","sticky":false,"template":"","format":"standard","meta":{"colormag_page_container_layout":"default_layout","colormag_page_sidebar_layout":"default_layout","_jetpack_memberships_contains_paid_content":false,"footnotes":"","jetpack_publicize_message":"","jetpack_publicize_feature_enabled":true,"jetpack_social_post_already_shared":true,"jetpack_social_options":{"image_generator_settings":{"template":"highway","default_image_id":0,"font":"","enabled":false},"version":2}},"categories":[2050],"tags":[],"class_list":["post-68328","post","type-post","status-publish","format-standard","has-post-thumbnail","hentry","category-economia"],"jetpack_publicize_connections":[],"jetpack_featured_media_url":"https:\/\/i0.wp.com\/politicosaldesnudo.com.mx\/wp-content\/uploads\/2025\/08\/LU.jpg?fit=784%2C510&ssl=1","jetpack-related-posts":[],"jetpack_sharing_enabled":true,"_links":{"self":[{"href":"https:\/\/politicosaldesnudo.com.mx\/index.php\/wp-json\/wp\/v2\/posts\/68328","targetHints":{"allow":["GET"]}}],"collection":[{"href":"https:\/\/politicosaldesnudo.com.mx\/index.php\/wp-json\/wp\/v2\/posts"}],"about":[{"href":"https:\/\/politicosaldesnudo.com.mx\/index.php\/wp-json\/wp\/v2\/types\/post"}],"author":[{"embeddable":true,"href":"https:\/\/politicosaldesnudo.com.mx\/index.php\/wp-json\/wp\/v2\/users\/4"}],"replies":[{"embeddable":true,"href":"https:\/\/politicosaldesnudo.com.mx\/index.php\/wp-json\/wp\/v2\/comments?post=68328"}],"version-history":[{"count":0,"href":"https:\/\/politicosaldesnudo.com.mx\/index.php\/wp-json\/wp\/v2\/posts\/68328\/revisions"}],"wp:featuredmedia":[{"embeddable":true,"href":"https:\/\/politicosaldesnudo.com.mx\/index.php\/wp-json\/wp\/v2\/media\/68329"}],"wp:attachment":[{"href":"https:\/\/politicosaldesnudo.com.mx\/index.php\/wp-json\/wp\/v2\/media?parent=68328"}],"wp:term":[{"taxonomy":"category","embeddable":true,"href":"https:\/\/politicosaldesnudo.com.mx\/index.php\/wp-json\/wp\/v2\/categories?post=68328"},{"taxonomy":"post_tag","embeddable":true,"href":"https:\/\/politicosaldesnudo.com.mx\/index.php\/wp-json\/wp\/v2\/tags?post=68328"}],"curies":[{"name":"wp","href":"https:\/\/api.w.org\/{rel}","templated":true}]}}