{"id":68352,"date":"2025-08-07T00:18:16","date_gmt":"2025-08-07T06:18:16","guid":{"rendered":"https:\/\/politicosaldesnudo.com.mx\/?p=68352"},"modified":"2025-08-06T23:49:41","modified_gmt":"2025-08-07T05:49:41","slug":"gobierno-de-eu-dice-que-nayib-bukele-no-es-un-dictador","status":"publish","type":"post","link":"https:\/\/politicosaldesnudo.com.mx\/index.php\/2025\/08\/07\/gobierno-de-eu-dice-que-nayib-bukele-no-es-un-dictador\/","title":{"rendered":"Gobierno de EU dice que Nayib Bukele \u00abno es un dictador\u00bb"},"content":{"rendered":"<p>El gobierno de Estados Unidos afirm\u00f3 que el presidente de El Salvador, Nayib Bukele, no deber\u00eda ser equiparado con los mandatarios de otros pa\u00edses que considera dictaduras, despu\u00e9s de que el partido de Bukele y sus aliados eliminaron l\u00edmites al mandato presidencial.<\/p>\n<p>Bukele public\u00f3 el martes en X la declaraci\u00f3n de apoyo de Estados Unidos.<\/p>\n<div id=\"article-content-tts\" class=\"nota-contenido mb-5\">\n<div id=\"content_nitf\">\n<p>El mi\u00e9rcoles, el Departamento de Estado de Estados Unidos dijo en una declaraci\u00f3n a la agencia Ap que el cambio constitucional que elimina los l\u00edmites de mandato en el pa\u00eds centroamericano fue realizado por una Asamblea \u201celegida democr\u00e1ticamente\u201d y que a ellos \u201cles corresponde decidir c\u00f3mo debe gobernarse su pa\u00eds\u201d.<\/p>\n<p>\u201cRechazamos la comparaci\u00f3n del proceso legislativo de El Salvador, basado en la democracia y constitucionalmente s\u00f3lido, con reg\u00edmenes dictatoriales ileg\u00edtimos en otras partes de nuestra regi\u00f3n\u201d, se\u00f1al\u00f3 el comunicado.<\/p>\n<p>La aprobaci\u00f3n de mandatos presidenciales indefinidos la semana pasada gener\u00f3 advertencias de observadores y de la oposici\u00f3n de El Salvador, que indicaron que esto significaba el fin de la democracia en el pa\u00eds. La Asamblea Legislativa tambi\u00e9n aprob\u00f3 ampliar los mandatos presidenciales de cinco a seis a\u00f1os.<\/p>\n<p>\u201cEs lamentable ver que el gobierno de Estados Unidos est\u00e1 defendiendo intentos de establecer una autocracia en El Salvador. Esto socava la credibilidad de las cr\u00edticas del Departamento de Estado a otros gobiernos autoritarios y dictaduras en la regi\u00f3n\u201d, expres\u00f3 Juan Pappier, subdirector para las Am\u00e9ricas de Human Rights Watch.<\/p>\n<p>El arzobispo de El Salvador, Jos\u00e9 Luis Escobar Alas, se uni\u00f3 a quienes expresaron preocupaci\u00f3n el mi\u00e9rcoles y llam\u00f3 a los legisladores a reconsiderar la aprobaci\u00f3n de la reforma sin consultar al pueblo salvadore\u00f1o, lo cual era crucial para la \u201clegitimidad de una reforma constitucional\u201d.<\/p>\n<p>Bukele y su partido Nuevas Ideas han pasado a\u00f1os consolidando su poder, debilitando los controles y equilibrios al colocar a personas leales en las cortes m\u00e1s altas, socavando a los organismos de control del gobierno y persiguiendo a opositores pol\u00edticos y cr\u00edticos.<\/p>\n<p>El mandatario salvadore\u00f1o sigue siendo enormemente popular, en gran parte debido a su lucha contra las pandillas, que alguna vez fueron poderosas en el pa\u00eds, lo que ha tra\u00eddo seguridad, aunque los cr\u00edticos argumentan que a costa del debido proceso.<\/p>\n<p>Bukele defendi\u00f3 los cambios constitucionales la semana pasada y se\u00f1al\u00f3 en X que muchas naciones europeas permiten la relecci\u00f3n indefinida, pero que \u201ccuando un pa\u00eds peque\u00f1o y pobre como El Salvador intenta hacer lo mismo, de repente es el fin de la democracia\u201d.<\/p>\n<p>Los cr\u00edticos han dicho que es una comparaci\u00f3n falsa, ya que esas naciones tienen instituciones democr\u00e1ticas m\u00e1s fuertes para servir como control del poder ejecutivo. Esos cr\u00edticos est\u00e1n abandonando el pa\u00eds por temor a ser arrestados.<\/p>\n<p>Los observadores dicen que Bukele est\u00e1 llevando a cabo una represi\u00f3n creciente contra la disidencia, alentado por su alianza con el presidente de Estados Unidos, Donald Trump. Despu\u00e9s de criticar inicialmente a Bukele, el gobierno de Joe Biden tambi\u00e9n permaneci\u00f3 en gran medida en silencio sobre las violaciones de derechos humanos y la concentraci\u00f3n de poder en El Salvador, ya que el pa\u00eds ayud\u00f3 a frenar la migraci\u00f3n hacia el norte.<\/p>\n<p>Pero a medida que Trump ha remodelado la democracia estadunidense, los cr\u00edticos de Bukele dicen que la falta de presi\u00f3n de Estados Unidos y los elogios de los funcionarios de Trump han ofrecido al mandatario salvadore\u00f1o una oportunidad para consolidar el poder m\u00e1s r\u00e1pidamente.<\/p>\n<p>En s\u00f3lo unos meses, el gobierno de Bukele ha detenido a algunos de sus cr\u00edticos m\u00e1s abiertos, ha reprimido violentamente una protesta pac\u00edfica y ha aprobado una ley de \u201cagentes extranjeros\u201d similar a las utilizadas por los gobiernos de Rusia, Venezuela, Nicaragua y Bielorrusia para silenciar la disidencia al ejercer presi\u00f3n sobre organizaciones que dependen de financiamiento extranjero.<\/p>\n<p>M\u00e1s de 100 activistas de derechos humanos, acad\u00e9micos, periodistas y abogados han huido de El Salvador en los \u00faltimos meses, alegando que se vieron obligados a elegir entre el exilio o la prisi\u00f3n.<\/p>\n<\/div>\n<\/div>\n<div class=\"notas-relacionadas\"><\/div>\n<div class=\"nota-tags\"><\/div>\n","protected":false},"excerpt":{"rendered":"<p>El gobierno de Estados Unidos afirm\u00f3 que el presidente de El Salvador, Nayib Bukele, no deber\u00eda ser equiparado con los<\/p>\n","protected":false},"author":4,"featured_media":68353,"comment_status":"closed","ping_status":"closed","sticky":false,"template":"","format":"standard","meta":{"colormag_page_container_layout":"default_layout","colormag_page_sidebar_layout":"default_layout","_jetpack_memberships_contains_paid_content":false,"footnotes":"","jetpack_publicize_message":"","jetpack_publicize_feature_enabled":true,"jetpack_social_post_already_shared":true,"jetpack_social_options":{"image_generator_settings":{"template":"highway","default_image_id":0,"font":"","enabled":false},"version":2}},"categories":[28],"tags":[],"class_list":["post-68352","post","type-post","status-publish","format-standard","has-post-thumbnail","hentry","category-internacional"],"jetpack_publicize_connections":[],"jetpack_featured_media_url":"https:\/\/i0.wp.com\/politicosaldesnudo.com.mx\/wp-content\/uploads\/2025\/08\/BUK-1.jpg?fit=765%2C498&ssl=1","jetpack-related-posts":[],"jetpack_sharing_enabled":true,"_links":{"self":[{"href":"https:\/\/politicosaldesnudo.com.mx\/index.php\/wp-json\/wp\/v2\/posts\/68352","targetHints":{"allow":["GET"]}}],"collection":[{"href":"https:\/\/politicosaldesnudo.com.mx\/index.php\/wp-json\/wp\/v2\/posts"}],"about":[{"href":"https:\/\/politicosaldesnudo.com.mx\/index.php\/wp-json\/wp\/v2\/types\/post"}],"author":[{"embeddable":true,"href":"https:\/\/politicosaldesnudo.com.mx\/index.php\/wp-json\/wp\/v2\/users\/4"}],"replies":[{"embeddable":true,"href":"https:\/\/politicosaldesnudo.com.mx\/index.php\/wp-json\/wp\/v2\/comments?post=68352"}],"version-history":[{"count":0,"href":"https:\/\/politicosaldesnudo.com.mx\/index.php\/wp-json\/wp\/v2\/posts\/68352\/revisions"}],"wp:featuredmedia":[{"embeddable":true,"href":"https:\/\/politicosaldesnudo.com.mx\/index.php\/wp-json\/wp\/v2\/media\/68353"}],"wp:attachment":[{"href":"https:\/\/politicosaldesnudo.com.mx\/index.php\/wp-json\/wp\/v2\/media?parent=68352"}],"wp:term":[{"taxonomy":"category","embeddable":true,"href":"https:\/\/politicosaldesnudo.com.mx\/index.php\/wp-json\/wp\/v2\/categories?post=68352"},{"taxonomy":"post_tag","embeddable":true,"href":"https:\/\/politicosaldesnudo.com.mx\/index.php\/wp-json\/wp\/v2\/tags?post=68352"}],"curies":[{"name":"wp","href":"https:\/\/api.w.org\/{rel}","templated":true}]}}