{"id":68355,"date":"2025-08-07T00:19:37","date_gmt":"2025-08-07T06:19:37","guid":{"rendered":"https:\/\/politicosaldesnudo.com.mx\/?p=68355"},"modified":"2025-08-06T23:51:48","modified_gmt":"2025-08-07T05:51:48","slug":"justicia-brasilena-suaviza-arresto-domiciliario-a-bolsonaro-permitira-visitas-familiares","status":"publish","type":"post","link":"https:\/\/politicosaldesnudo.com.mx\/index.php\/2025\/08\/07\/justicia-brasilena-suaviza-arresto-domiciliario-a-bolsonaro-permitira-visitas-familiares\/","title":{"rendered":"Justicia brasile\u00f1a suaviza arresto domiciliario a Bolsonaro; permitir\u00e1 visitas familiares"},"content":{"rendered":"<p class=\"nota-justify\">El juez del Supremo Tribunal Federal de Brasil, Alexandre de Moraes, suaviz\u00f3 una condici\u00f3n del arresto domiciliario impuesto al ex presidente, Jair Bolsonaro, en su caso de complot golpista, permitiendo que los familiares lo visiten sin autorizaci\u00f3n previa.<\/p>\n<p class=\"nota-justify\">La autorizaci\u00f3n de De Moraes, que sigui\u00f3 a una solicitud de la polic\u00eda federal, significa que los familiares podr\u00e1n visitar la residencia donde Bolsonaro vive con su esposa, Michelle, sin tener que pedir permiso al tribunal primero. Se aplica a los hijos e hija de Bolsonaro, nietos y familiares cercanos de su esposa.<\/p>\n<p class=\"nota-justify\">El ex l\u00edder conservador est\u00e1 siendo juzgado por presuntamente orquestar un complot golpista para permanecer en el cargo a pesar de su derrota electoral ante el actual presidente izquierdista, Luiz In\u00e1cio Lula da Silva. Bolsonaro niega haber cometido alg\u00fan delito.<\/p>\n<p class=\"nota-justify\">La orden de arresto domiciliario ha dividido profundamente a los brasile\u00f1os, con sus partidarios diciendo que el caso contra Bolsonaro es una persecuci\u00f3n pol\u00edtica, mientras que los partidarios de Lula dicen que el asunto debe decidirse en los tribunales.<\/p>\n","protected":false},"excerpt":{"rendered":"<p>El juez del Supremo Tribunal Federal de Brasil, Alexandre de Moraes, suaviz\u00f3 una condici\u00f3n del arresto domiciliario impuesto al ex<\/p>\n","protected":false},"author":4,"featured_media":68356,"comment_status":"closed","ping_status":"closed","sticky":false,"template":"","format":"standard","meta":{"colormag_page_container_layout":"default_layout","colormag_page_sidebar_layout":"default_layout","_jetpack_memberships_contains_paid_content":false,"footnotes":"","jetpack_publicize_message":"","jetpack_publicize_feature_enabled":true,"jetpack_social_post_already_shared":true,"jetpack_social_options":{"image_generator_settings":{"template":"highway","default_image_id":0,"font":"","enabled":false},"version":2}},"categories":[28],"tags":[],"class_list":["post-68355","post","type-post","status-publish","format-standard","has-post-thumbnail","hentry","category-internacional"],"jetpack_publicize_connections":[],"jetpack_featured_media_url":"https:\/\/i0.wp.com\/politicosaldesnudo.com.mx\/wp-content\/uploads\/2025\/08\/TO.jpg?fit=774%2C492&ssl=1","jetpack-related-posts":[],"jetpack_sharing_enabled":true,"_links":{"self":[{"href":"https:\/\/politicosaldesnudo.com.mx\/index.php\/wp-json\/wp\/v2\/posts\/68355","targetHints":{"allow":["GET"]}}],"collection":[{"href":"https:\/\/politicosaldesnudo.com.mx\/index.php\/wp-json\/wp\/v2\/posts"}],"about":[{"href":"https:\/\/politicosaldesnudo.com.mx\/index.php\/wp-json\/wp\/v2\/types\/post"}],"author":[{"embeddable":true,"href":"https:\/\/politicosaldesnudo.com.mx\/index.php\/wp-json\/wp\/v2\/users\/4"}],"replies":[{"embeddable":true,"href":"https:\/\/politicosaldesnudo.com.mx\/index.php\/wp-json\/wp\/v2\/comments?post=68355"}],"version-history":[{"count":0,"href":"https:\/\/politicosaldesnudo.com.mx\/index.php\/wp-json\/wp\/v2\/posts\/68355\/revisions"}],"wp:featuredmedia":[{"embeddable":true,"href":"https:\/\/politicosaldesnudo.com.mx\/index.php\/wp-json\/wp\/v2\/media\/68356"}],"wp:attachment":[{"href":"https:\/\/politicosaldesnudo.com.mx\/index.php\/wp-json\/wp\/v2\/media?parent=68355"}],"wp:term":[{"taxonomy":"category","embeddable":true,"href":"https:\/\/politicosaldesnudo.com.mx\/index.php\/wp-json\/wp\/v2\/categories?post=68355"},{"taxonomy":"post_tag","embeddable":true,"href":"https:\/\/politicosaldesnudo.com.mx\/index.php\/wp-json\/wp\/v2\/tags?post=68355"}],"curies":[{"name":"wp","href":"https:\/\/api.w.org\/{rel}","templated":true}]}}