{"id":68465,"date":"2025-08-09T00:14:58","date_gmt":"2025-08-09T06:14:58","guid":{"rendered":"https:\/\/politicosaldesnudo.com.mx\/?p=68465"},"modified":"2025-08-08T20:53:04","modified_gmt":"2025-08-09T02:53:04","slug":"caminata-migrante-avanza-80-kilometros-en-chiapas-pese-a-la-lluvia","status":"publish","type":"post","link":"https:\/\/politicosaldesnudo.com.mx\/index.php\/2025\/08\/09\/caminata-migrante-avanza-80-kilometros-en-chiapas-pese-a-la-lluvia\/","title":{"rendered":"Caminata migrante avanza 80 kil\u00f3metros en Chiapas pese a la lluvia"},"content":{"rendered":"<p>En su tercer d\u00eda de caminata la caravana migrante autodenominada &#8216;\u00c9xodo de la Justicia&#8217; lleg\u00f3 este viernes al municipio de Escuintla, en la costa de Chiapas, a unos 80 kil\u00f3metros de Tapachula de donde parti\u00f3 el pasado mi\u00e9rcoles.<\/p>\n<p>Los migrantes de Venezuela, Cuba, Ecuador, Colombia y Hait\u00ed, as\u00ed como de los pa\u00edses de Centroam\u00e9rica, avanzaron por la autopista federal M\u00e9xico 200 cubiertos con bolsas pl\u00e1sticas como impermeables para afrontar la lluvia que los sorprendi\u00f3 en el trayecto entre Huixtla y Escuintla.<\/p>\n<p>Los extranjeros agradecieron el apoyo de autoridades y de la sociedad civil que les han brindado alimento, agua y atenci\u00f3n m\u00e9dica durante su traves\u00eda.<\/p>\n<p>Sin embargo, pidieron que les otorguen alg\u00fan documento con el que puedan abordar un autob\u00fas hacia Ciudad de M\u00e9xico, a donde pretenden llegar para trabajar y seguir con sus tr\u00e1mites de regularizaci\u00f3n, ya que en la frontera sur las condiciones son precarias.<\/p>\n<p>\u201cNos han ayudado con comida, aseo, pero lo que queremos en realidad es permiso, alguna negociaci\u00f3n\u201d expres\u00f3 la venezolana Beatriz D\u00edaz.<\/p>\n<p>La sudamericana insisti\u00f3 al Gobierno de la Presidenta Claudia Sheinbaum \u201cponerse la mano en el coraz\u00f3n\u201d porque en el grupo viajan ni\u00f1os y ancianos, que ya van muy desgastados.<\/p>\n<p>Los migrantes salieron en Caravana de la frontera con Guatemala porque alegan que llevan meses intentando obtener documentos ante la Comisi\u00f3n Mexicana de Ayuda a Refugiados y el Instituto Nacional de Migraci\u00f3n, pero les han negado sus peticiones o alargan el proceso.<\/p>\n<p>Adem\u00e1s, que no tienen trabajo con los cuales pagar los costos de estancia como alquiler y alimentaci\u00f3n, por lo que buscan llegar a otras ciudades del pa\u00eds donde haya mejores oportunidades. El objetivo no es Estados Unidos como si lo fue en otros \u00e9xodos.<\/p>\n","protected":false},"excerpt":{"rendered":"<p>En su tercer d\u00eda de caminata la caravana migrante autodenominada &#8216;\u00c9xodo de la Justicia&#8217; lleg\u00f3 este viernes al municipio de<\/p>\n","protected":false},"author":4,"featured_media":68466,"comment_status":"closed","ping_status":"closed","sticky":false,"template":"","format":"standard","meta":{"colormag_page_container_layout":"default_layout","colormag_page_sidebar_layout":"default_layout","_jetpack_memberships_contains_paid_content":false,"footnotes":"","jetpack_publicize_message":"","jetpack_publicize_feature_enabled":true,"jetpack_social_post_already_shared":true,"jetpack_social_options":{"image_generator_settings":{"template":"highway","default_image_id":0,"font":"","enabled":false},"version":2}},"categories":[30],"tags":[],"class_list":["post-68465","post","type-post","status-publish","format-standard","has-post-thumbnail","hentry","category-estados"],"jetpack_publicize_connections":[],"jetpack_featured_media_url":"https:\/\/i0.wp.com\/politicosaldesnudo.com.mx\/wp-content\/uploads\/2025\/08\/MIG.jpg?fit=779%2C483&ssl=1","jetpack-related-posts":[],"jetpack_sharing_enabled":true,"_links":{"self":[{"href":"https:\/\/politicosaldesnudo.com.mx\/index.php\/wp-json\/wp\/v2\/posts\/68465","targetHints":{"allow":["GET"]}}],"collection":[{"href":"https:\/\/politicosaldesnudo.com.mx\/index.php\/wp-json\/wp\/v2\/posts"}],"about":[{"href":"https:\/\/politicosaldesnudo.com.mx\/index.php\/wp-json\/wp\/v2\/types\/post"}],"author":[{"embeddable":true,"href":"https:\/\/politicosaldesnudo.com.mx\/index.php\/wp-json\/wp\/v2\/users\/4"}],"replies":[{"embeddable":true,"href":"https:\/\/politicosaldesnudo.com.mx\/index.php\/wp-json\/wp\/v2\/comments?post=68465"}],"version-history":[{"count":0,"href":"https:\/\/politicosaldesnudo.com.mx\/index.php\/wp-json\/wp\/v2\/posts\/68465\/revisions"}],"wp:featuredmedia":[{"embeddable":true,"href":"https:\/\/politicosaldesnudo.com.mx\/index.php\/wp-json\/wp\/v2\/media\/68466"}],"wp:attachment":[{"href":"https:\/\/politicosaldesnudo.com.mx\/index.php\/wp-json\/wp\/v2\/media?parent=68465"}],"wp:term":[{"taxonomy":"category","embeddable":true,"href":"https:\/\/politicosaldesnudo.com.mx\/index.php\/wp-json\/wp\/v2\/categories?post=68465"},{"taxonomy":"post_tag","embeddable":true,"href":"https:\/\/politicosaldesnudo.com.mx\/index.php\/wp-json\/wp\/v2\/tags?post=68465"}],"curies":[{"name":"wp","href":"https:\/\/api.w.org\/{rel}","templated":true}]}}