{"id":68468,"date":"2025-08-09T00:15:44","date_gmt":"2025-08-09T06:15:44","guid":{"rendered":"https:\/\/politicosaldesnudo.com.mx\/?p=68468"},"modified":"2025-08-08T20:54:46","modified_gmt":"2025-08-09T02:54:46","slug":"develan-estatua-reubicada-de-emiliano-zapata-en-zocalo-de-cuernavaca","status":"publish","type":"post","link":"https:\/\/politicosaldesnudo.com.mx\/index.php\/2025\/08\/09\/develan-estatua-reubicada-de-emiliano-zapata-en-zocalo-de-cuernavaca\/","title":{"rendered":"Develan estatua reubicada de Emiliano Zapata en z\u00f3calo de Cuernavaca"},"content":{"rendered":"<p class=\"nota-justify\">La estatua ecuestre del general Emiliano Zapata Salazar que estaba en el paso expr\u00e9s de la autopista del Sol fue trasladada y colocada en el z\u00f3calo de la capital de Morelos, frente al palacio de gobierno.<\/p>\n<p class=\"nota-justify\">En un acto encabezado esta ma\u00f1ana por la mandataria Margarita Gonz\u00e1lez, durante el 146 aniversario del natalicio de Zapata, se devel\u00f3 la estatua del\u00a0<i>Caudillo del Sur<\/i>. En la ceremonia estuvieron presentes algunos familiares del general, as\u00ed como la escultora de la estatua, Estela Ubando.<\/p>\n<p class=\"nota-justify\">\u201cHoy le rendimos homenaje colocando su estatua en este digno lugar del Centro Hist\u00f3rico de nuestra capital, y recordando sus ideales y principios que dieron contenido social a las luchas agrarias y, en buena parte, a la Revoluci\u00f3n Mexicana\u201d, dijo la gobernadora.<\/p>\n<p class=\"nota-justify\">La escultura del\u00a0<i>Zapata Ecuestre<\/i>\u00a0(1979) fue una obra de los escultores Carlos Kunte y Estela Ubando para conmemorar el centenario del natalicio del revolucionario, durante el gobierno de Armando Le\u00f3n Bejarano, y fue instalado en la glorieta de Buenavista, en la entrada norte de Cuernavaca.<\/p>\n<p class=\"nota-justify\">La escultura, seg\u00fan el gobierno estatal, tiene un peso de 5.3 toneladas. Sus dimensiones son 5.5 metros de altura y 9.5 metros de largo, y fue colocada sobre una base de siete metros de largo, cuatro de ancho y tres de alto. En los trabajos de desmontaje, traslado y reubicaci\u00f3n se invirtieron 1.9 millones de pesos.<\/p>\n<p class=\"nota-justify\">En 2010 fue retirado por la construcci\u00f3n de un distribuidor vial y, posteriormente, en 2018, trasladado al Paso Expr\u00e9s, en el entronque con la avenida Vicente Guerrero, donde permaneci\u00f3 hasta su traslado al centro de la ciudad.<\/p>\n<p class=\"nota-justify\">En ese lugar (el z\u00f3calo), en el sexenio del ex gobernador panista, Marco Adame, se encontraba la estatua del general Jos\u00e9 Mar\u00eda Morelos.<\/p>\n","protected":false},"excerpt":{"rendered":"<p>La estatua ecuestre del general Emiliano Zapata Salazar que estaba en el paso expr\u00e9s de la autopista del Sol fue<\/p>\n","protected":false},"author":4,"featured_media":68469,"comment_status":"closed","ping_status":"closed","sticky":false,"template":"","format":"standard","meta":{"colormag_page_container_layout":"default_layout","colormag_page_sidebar_layout":"default_layout","_jetpack_memberships_contains_paid_content":false,"footnotes":"","jetpack_publicize_message":"","jetpack_publicize_feature_enabled":true,"jetpack_social_post_already_shared":true,"jetpack_social_options":{"image_generator_settings":{"template":"highway","default_image_id":0,"font":"","enabled":false},"version":2}},"categories":[30],"tags":[],"class_list":["post-68468","post","type-post","status-publish","format-standard","has-post-thumbnail","hentry","category-estados"],"jetpack_publicize_connections":[],"jetpack_featured_media_url":"https:\/\/i0.wp.com\/politicosaldesnudo.com.mx\/wp-content\/uploads\/2025\/08\/EMI.jpg?fit=768%2C575&ssl=1","jetpack-related-posts":[],"jetpack_sharing_enabled":true,"_links":{"self":[{"href":"https:\/\/politicosaldesnudo.com.mx\/index.php\/wp-json\/wp\/v2\/posts\/68468","targetHints":{"allow":["GET"]}}],"collection":[{"href":"https:\/\/politicosaldesnudo.com.mx\/index.php\/wp-json\/wp\/v2\/posts"}],"about":[{"href":"https:\/\/politicosaldesnudo.com.mx\/index.php\/wp-json\/wp\/v2\/types\/post"}],"author":[{"embeddable":true,"href":"https:\/\/politicosaldesnudo.com.mx\/index.php\/wp-json\/wp\/v2\/users\/4"}],"replies":[{"embeddable":true,"href":"https:\/\/politicosaldesnudo.com.mx\/index.php\/wp-json\/wp\/v2\/comments?post=68468"}],"version-history":[{"count":0,"href":"https:\/\/politicosaldesnudo.com.mx\/index.php\/wp-json\/wp\/v2\/posts\/68468\/revisions"}],"wp:featuredmedia":[{"embeddable":true,"href":"https:\/\/politicosaldesnudo.com.mx\/index.php\/wp-json\/wp\/v2\/media\/68469"}],"wp:attachment":[{"href":"https:\/\/politicosaldesnudo.com.mx\/index.php\/wp-json\/wp\/v2\/media?parent=68468"}],"wp:term":[{"taxonomy":"category","embeddable":true,"href":"https:\/\/politicosaldesnudo.com.mx\/index.php\/wp-json\/wp\/v2\/categories?post=68468"},{"taxonomy":"post_tag","embeddable":true,"href":"https:\/\/politicosaldesnudo.com.mx\/index.php\/wp-json\/wp\/v2\/tags?post=68468"}],"curies":[{"name":"wp","href":"https:\/\/api.w.org\/{rel}","templated":true}]}}