{"id":68477,"date":"2025-08-09T00:18:34","date_gmt":"2025-08-09T06:18:34","guid":{"rendered":"https:\/\/politicosaldesnudo.com.mx\/?p=68477"},"modified":"2025-08-09T00:08:37","modified_gmt":"2025-08-09T06:08:37","slug":"impugnan-reformas-para-releccion-indefinida-de-bukele-en-el-salvador","status":"publish","type":"post","link":"https:\/\/politicosaldesnudo.com.mx\/index.php\/2025\/08\/09\/impugnan-reformas-para-releccion-indefinida-de-bukele-en-el-salvador\/","title":{"rendered":"Impugnan reformas para relecci\u00f3n indefinida de Bukele en El Salvador"},"content":{"rendered":"<p class=\"nota-justify\">Una diputada opositora al gobierno del presidente salvadore\u00f1o Nayib Bukele present\u00f3 este viernes una demanda de inconstitucionalidad ante la Corte Suprema de Justicia en contra de las recientes reformas a la carta magna aprobadas en el Congreso que permiten la relecci\u00f3n presidencial indefinida.<\/p>\n<p class=\"nota-justify\">Claudia Ortiz, del partido opositor Vamos y quien vot\u00f3 en contra de las reformas en el Legislativo, controlado por los diputados del partido de Bukele y sus aliados, declar\u00f3 a la prensa que acudi\u00f3 al m\u00e1ximo tribunal para demandar unos cambios que, seg\u00fan ella, violentan la Constituci\u00f3n del pa\u00eds centroamericano.<\/p>\n<p class=\"nota-justify\">\u201cHabilitar la relecci\u00f3n indefinida de la Presidencia de la Rep\u00fablica violenta uno de los principios m\u00e1s importantes de la Constituci\u00f3n, y es que tiene que haber alternancia en el ejercicio del poder en el Ejecutivo&#8230; eso es parte esencial y fundamental de nuestro sistema de gobierno\u201d, se\u00f1al\u00f3.<\/p>\n<p class=\"nota-justify\">Es la primera demanda que se presenta contra las pol\u00e9micas reformas ante la sala de lo constitucional de la Corte Suprema, la cual, seg\u00fan los opositores pol\u00edticos, es af\u00edn a Bukele. Se\u00f1alan que los magistrados de ese poder del Estado fueron nombrados por la Asamblea Legislativa controlada por el partido pol\u00edtico del mandatario.<\/p>\n<p class=\"nota-justify\">Ortiz llam\u00f3 a la poblaci\u00f3n a hacer uso de sus derechos y salir a protestar contras las reformas. Mientras que Bukele defendi\u00f3 que el \u201c90 por ciento de los pa\u00edses desarrollados permiten la reelecci\u00f3n indefinida de su jefe de gobierno, y nadie se inmuta\u201d y a\u00f1adi\u00f3 que cuando un pa\u00eds \u201cpeque\u00f1o y pobre\u201d como El Salvador intenta hacer lo mismo, \u201cde repente se convierte en el fin de la democracia\u201d.<\/p>\n<p class=\"nota-justify\">Por su parte, el gobierno de Estados Unidos expres\u00f3 su respaldo a Bukele y afirm\u00f3 que no deber\u00eda ser puesto en el mismo saco que los mandatarios de otros pa\u00edses que considera dictaduras.<\/p>\n<p class=\"nota-justify\">Pese a las cr\u00edticas de organizaciones de derechos humanos contra las severas pol\u00edticas de seguridad de Bukele, algunos sondeos de prensa y de instituciones acad\u00e9micas muestran que el mandatario goza de una alta aprobaci\u00f3n.<\/p>\n","protected":false},"excerpt":{"rendered":"<p>Una diputada opositora al gobierno del presidente salvadore\u00f1o Nayib Bukele present\u00f3 este viernes una demanda de inconstitucionalidad ante la Corte<\/p>\n","protected":false},"author":4,"featured_media":68478,"comment_status":"closed","ping_status":"closed","sticky":false,"template":"","format":"standard","meta":{"colormag_page_container_layout":"default_layout","colormag_page_sidebar_layout":"default_layout","_jetpack_memberships_contains_paid_content":false,"footnotes":"","jetpack_publicize_message":"","jetpack_publicize_feature_enabled":true,"jetpack_social_post_already_shared":true,"jetpack_social_options":{"image_generator_settings":{"template":"highway","default_image_id":0,"font":"","enabled":false},"version":2}},"categories":[28],"tags":[],"class_list":["post-68477","post","type-post","status-publish","format-standard","has-post-thumbnail","hentry","category-internacional"],"jetpack_publicize_connections":[],"jetpack_featured_media_url":"https:\/\/i0.wp.com\/politicosaldesnudo.com.mx\/wp-content\/uploads\/2025\/08\/BU.jpg?fit=722%2C492&ssl=1","jetpack-related-posts":[],"jetpack_sharing_enabled":true,"_links":{"self":[{"href":"https:\/\/politicosaldesnudo.com.mx\/index.php\/wp-json\/wp\/v2\/posts\/68477","targetHints":{"allow":["GET"]}}],"collection":[{"href":"https:\/\/politicosaldesnudo.com.mx\/index.php\/wp-json\/wp\/v2\/posts"}],"about":[{"href":"https:\/\/politicosaldesnudo.com.mx\/index.php\/wp-json\/wp\/v2\/types\/post"}],"author":[{"embeddable":true,"href":"https:\/\/politicosaldesnudo.com.mx\/index.php\/wp-json\/wp\/v2\/users\/4"}],"replies":[{"embeddable":true,"href":"https:\/\/politicosaldesnudo.com.mx\/index.php\/wp-json\/wp\/v2\/comments?post=68477"}],"version-history":[{"count":0,"href":"https:\/\/politicosaldesnudo.com.mx\/index.php\/wp-json\/wp\/v2\/posts\/68477\/revisions"}],"wp:featuredmedia":[{"embeddable":true,"href":"https:\/\/politicosaldesnudo.com.mx\/index.php\/wp-json\/wp\/v2\/media\/68478"}],"wp:attachment":[{"href":"https:\/\/politicosaldesnudo.com.mx\/index.php\/wp-json\/wp\/v2\/media?parent=68477"}],"wp:term":[{"taxonomy":"category","embeddable":true,"href":"https:\/\/politicosaldesnudo.com.mx\/index.php\/wp-json\/wp\/v2\/categories?post=68477"},{"taxonomy":"post_tag","embeddable":true,"href":"https:\/\/politicosaldesnudo.com.mx\/index.php\/wp-json\/wp\/v2\/tags?post=68477"}],"curies":[{"name":"wp","href":"https:\/\/api.w.org\/{rel}","templated":true}]}}