{"id":68480,"date":"2025-08-09T00:19:53","date_gmt":"2025-08-09T06:19:53","guid":{"rendered":"https:\/\/politicosaldesnudo.com.mx\/?p=68480"},"modified":"2025-08-09T00:10:53","modified_gmt":"2025-08-09T06:10:53","slug":"acusa-iran-a-israel-de-planear-una-limpieza-etnica-en-gaza","status":"publish","type":"post","link":"https:\/\/politicosaldesnudo.com.mx\/index.php\/2025\/08\/09\/acusa-iran-a-israel-de-planear-una-limpieza-etnica-en-gaza\/","title":{"rendered":"Acusa Ir\u00e1n a Israel de planear una \u00ablimpieza \u00e9tnica\u00bb en Gaza"},"content":{"rendered":"<p>Ir\u00e1n conden\u00f3 el viernes el plan israel\u00ed para controlar Ciudad de Gaza y acus\u00f3 al Estado hebreo de \u00abllevar a cabo una limpieza \u00e9tnica\u00bb en el territorio palestino.<\/p>\n<p>El plan israel\u00ed \u00abes otra se\u00f1al clara de la intenci\u00f3n manifiesta del r\u00e9gimen sionista de llevar a cabo una limpieza \u00e9tnica en Gaza y cometer un genocidio contra los palestinos\u00bb, afirm\u00f3 el portavoz del Ministerio de Relaciones Exteriores iran\u00ed, Esmail Baqai, en un comunicado.<\/p>\n","protected":false},"excerpt":{"rendered":"<p>Ir\u00e1n conden\u00f3 el viernes el plan israel\u00ed para controlar Ciudad de Gaza y acus\u00f3 al Estado hebreo de \u00abllevar a<\/p>\n","protected":false},"author":4,"featured_media":68481,"comment_status":"closed","ping_status":"closed","sticky":false,"template":"","format":"standard","meta":{"colormag_page_container_layout":"default_layout","colormag_page_sidebar_layout":"default_layout","_jetpack_memberships_contains_paid_content":false,"footnotes":"","jetpack_publicize_message":"","jetpack_publicize_feature_enabled":true,"jetpack_social_post_already_shared":true,"jetpack_social_options":{"image_generator_settings":{"template":"highway","default_image_id":0,"font":"","enabled":false},"version":2}},"categories":[28],"tags":[],"class_list":["post-68480","post","type-post","status-publish","format-standard","has-post-thumbnail","hentry","category-internacional"],"jetpack_publicize_connections":[],"jetpack_featured_media_url":"https:\/\/i0.wp.com\/politicosaldesnudo.com.mx\/wp-content\/uploads\/2025\/08\/LO.jpg?fit=760%2C509&ssl=1","jetpack-related-posts":[],"jetpack_sharing_enabled":true,"_links":{"self":[{"href":"https:\/\/politicosaldesnudo.com.mx\/index.php\/wp-json\/wp\/v2\/posts\/68480","targetHints":{"allow":["GET"]}}],"collection":[{"href":"https:\/\/politicosaldesnudo.com.mx\/index.php\/wp-json\/wp\/v2\/posts"}],"about":[{"href":"https:\/\/politicosaldesnudo.com.mx\/index.php\/wp-json\/wp\/v2\/types\/post"}],"author":[{"embeddable":true,"href":"https:\/\/politicosaldesnudo.com.mx\/index.php\/wp-json\/wp\/v2\/users\/4"}],"replies":[{"embeddable":true,"href":"https:\/\/politicosaldesnudo.com.mx\/index.php\/wp-json\/wp\/v2\/comments?post=68480"}],"version-history":[{"count":0,"href":"https:\/\/politicosaldesnudo.com.mx\/index.php\/wp-json\/wp\/v2\/posts\/68480\/revisions"}],"wp:featuredmedia":[{"embeddable":true,"href":"https:\/\/politicosaldesnudo.com.mx\/index.php\/wp-json\/wp\/v2\/media\/68481"}],"wp:attachment":[{"href":"https:\/\/politicosaldesnudo.com.mx\/index.php\/wp-json\/wp\/v2\/media?parent=68480"}],"wp:term":[{"taxonomy":"category","embeddable":true,"href":"https:\/\/politicosaldesnudo.com.mx\/index.php\/wp-json\/wp\/v2\/categories?post=68480"},{"taxonomy":"post_tag","embeddable":true,"href":"https:\/\/politicosaldesnudo.com.mx\/index.php\/wp-json\/wp\/v2\/tags?post=68480"}],"curies":[{"name":"wp","href":"https:\/\/api.w.org\/{rel}","templated":true}]}}