{"id":68483,"date":"2025-08-09T00:20:48","date_gmt":"2025-08-09T06:20:48","guid":{"rendered":"https:\/\/politicosaldesnudo.com.mx\/?p=68483"},"modified":"2025-08-09T00:12:48","modified_gmt":"2025-08-09T06:12:48","slug":"trump-anuncia-fecha-para-reunion-con-putin-en-alaska","status":"publish","type":"post","link":"https:\/\/politicosaldesnudo.com.mx\/index.php\/2025\/08\/09\/trump-anuncia-fecha-para-reunion-con-putin-en-alaska\/","title":{"rendered":"Trump anuncia fecha para reuni\u00f3n con Putin en Alaska"},"content":{"rendered":"<p class=\"nota-justify\">El presidente Donald Trump anunci\u00f3 el viernes en su red Truth Social que su \u00abmuy esperada reuni\u00f3n\u00bb con su hom\u00f3logo ruso Vladimir Putin tendr\u00e1 lugar el 15 de agosto en Alaska, en el noroeste de Estados Unidos.<\/p>\n<p class=\"nota-justify\">Trump, quien ha prometido en numerosas ocasiones poner fin a la guerra en Ucrania, ha hablado varias veces por tel\u00e9fono con el presidente ruso en los \u00faltimos meses, pero no se ha reunido con \u00e9l en persona desde que regres\u00f3 a la Casa Blanca en enero.<\/p>\n<p>&nbsp;<\/p>\n","protected":false},"excerpt":{"rendered":"<p>El presidente Donald Trump anunci\u00f3 el viernes en su red Truth Social que su \u00abmuy esperada reuni\u00f3n\u00bb con su hom\u00f3logo<\/p>\n","protected":false},"author":4,"featured_media":68484,"comment_status":"closed","ping_status":"closed","sticky":false,"template":"","format":"standard","meta":{"colormag_page_container_layout":"default_layout","colormag_page_sidebar_layout":"default_layout","_jetpack_memberships_contains_paid_content":false,"footnotes":"","jetpack_publicize_message":"","jetpack_publicize_feature_enabled":true,"jetpack_social_post_already_shared":true,"jetpack_social_options":{"image_generator_settings":{"template":"highway","default_image_id":0,"font":"","enabled":false},"version":2}},"categories":[28],"tags":[],"class_list":["post-68483","post","type-post","status-publish","format-standard","has-post-thumbnail","hentry","category-internacional"],"jetpack_publicize_connections":[],"jetpack_featured_media_url":"https:\/\/i0.wp.com\/politicosaldesnudo.com.mx\/wp-content\/uploads\/2025\/08\/ALENSA.jpg?fit=783%2C579&ssl=1","jetpack-related-posts":[],"jetpack_sharing_enabled":true,"_links":{"self":[{"href":"https:\/\/politicosaldesnudo.com.mx\/index.php\/wp-json\/wp\/v2\/posts\/68483","targetHints":{"allow":["GET"]}}],"collection":[{"href":"https:\/\/politicosaldesnudo.com.mx\/index.php\/wp-json\/wp\/v2\/posts"}],"about":[{"href":"https:\/\/politicosaldesnudo.com.mx\/index.php\/wp-json\/wp\/v2\/types\/post"}],"author":[{"embeddable":true,"href":"https:\/\/politicosaldesnudo.com.mx\/index.php\/wp-json\/wp\/v2\/users\/4"}],"replies":[{"embeddable":true,"href":"https:\/\/politicosaldesnudo.com.mx\/index.php\/wp-json\/wp\/v2\/comments?post=68483"}],"version-history":[{"count":0,"href":"https:\/\/politicosaldesnudo.com.mx\/index.php\/wp-json\/wp\/v2\/posts\/68483\/revisions"}],"wp:featuredmedia":[{"embeddable":true,"href":"https:\/\/politicosaldesnudo.com.mx\/index.php\/wp-json\/wp\/v2\/media\/68484"}],"wp:attachment":[{"href":"https:\/\/politicosaldesnudo.com.mx\/index.php\/wp-json\/wp\/v2\/media?parent=68483"}],"wp:term":[{"taxonomy":"category","embeddable":true,"href":"https:\/\/politicosaldesnudo.com.mx\/index.php\/wp-json\/wp\/v2\/categories?post=68483"},{"taxonomy":"post_tag","embeddable":true,"href":"https:\/\/politicosaldesnudo.com.mx\/index.php\/wp-json\/wp\/v2\/tags?post=68483"}],"curies":[{"name":"wp","href":"https:\/\/api.w.org\/{rel}","templated":true}]}}