{"id":68523,"date":"2025-08-11T00:12:19","date_gmt":"2025-08-11T06:12:19","guid":{"rendered":"https:\/\/politicosaldesnudo.com.mx\/?p=68523"},"modified":"2025-08-10T23:02:40","modified_gmt":"2025-08-11T05:02:40","slug":"fao-tienen-precios-mundiales-de-alimentos-mayor-alza-en-dos-anos","status":"publish","type":"post","link":"https:\/\/politicosaldesnudo.com.mx\/index.php\/2025\/08\/11\/fao-tienen-precios-mundiales-de-alimentos-mayor-alza-en-dos-anos\/","title":{"rendered":"FAO: tienen precios mundiales de alimentos mayor alza en dos a\u00f1os"},"content":{"rendered":"<p class=\"nota-justify\">Los precios mundiales de los alimentos b\u00e1sicos subieron en julio a su mayor nivel en m\u00e1s de dos a\u00f1os, impulsados por el alza de los costos internacionales de carne y aceites vegetales, inform\u00f3 el viernes la Organizaci\u00f3n de Naciones Unidas para la Alimentaci\u00f3n y la Agricultura (FAO).<\/p>\n<p class=\"nota-justify\">El \u00edndice de precios alimentarios de la FAO, que sirve de referencia global para el importe de los productos b\u00e1sicos, alcanz\u00f3 un promedio de 130.1 puntos en julio de 2025, lo que supone un incremento de 1.6 por ciento respecto a junio. Comparado con julio de 2024, el \u00edndice subi\u00f3 7.6 por ciento, indic\u00f3 la FAO.<\/p>\n<p class=\"nota-justify\">La lectura del s\u00e9ptimo mes fue la m\u00e1s alta desde febrero de 2023, aunque el \u00edndice se situaba 18.8 por ciento por debajo de su pico de marzo de 2022, tras la invasi\u00f3n de Rusia en Ucrania.<\/p>\n<p class=\"nota-justify\">La FAO se\u00f1ala que las subidas de la carne y los aceites vegetales en julio contrarrestaron con creces los descensos en los \u00edndices de los cereales, los productos l\u00e1cteos y el az\u00facar.<\/p>\n<p class=\"nota-justify\">El \u00edndice de precios de aceites vegetales de la FAO promedi\u00f3 166.8 puntos el mes pasado, con un alza de 7.1 por ciento respecto a junio y el nivel m\u00e1s alto en tres a\u00f1os, como resultado del aumento de las cotizaciones de los aceites de palma, soya y girasol.<\/p>\n<p class=\"nota-justify\">Tambi\u00e9n se alcanz\u00f3 un nuevo m\u00e1ximo hist\u00f3rico en el apartado de la carne. El \u00edndice correspondiente se situ\u00f3 en un promedio de 127.3 puntos, 1.2 por ciento por encima de junio, por la subida de los precios de bovino y ovino, que se vio favorecida por la fuerte demanda de importaciones, en particular por parte de China y Estados Unidos.<\/p>\n<p>En contraste, los \u00edndices de precios de los cereales, los productos l\u00e1cteos y el az\u00facar de la FAO retrocedieron 0.8, 0.1 y 0.2 por ciento, respectivamente, respecto a junio.<\/p>\n","protected":false},"excerpt":{"rendered":"<p>Los precios mundiales de los alimentos b\u00e1sicos subieron en julio a su mayor nivel en m\u00e1s de dos a\u00f1os, impulsados<\/p>\n","protected":false},"author":4,"featured_media":68524,"comment_status":"closed","ping_status":"closed","sticky":false,"template":"","format":"standard","meta":{"colormag_page_container_layout":"default_layout","colormag_page_sidebar_layout":"default_layout","_jetpack_memberships_contains_paid_content":false,"footnotes":"","jetpack_publicize_message":"","jetpack_publicize_feature_enabled":true,"jetpack_social_post_already_shared":true,"jetpack_social_options":{"image_generator_settings":{"template":"highway","default_image_id":0,"font":"","enabled":false},"version":2}},"categories":[2050],"tags":[],"class_list":["post-68523","post","type-post","status-publish","format-standard","has-post-thumbnail","hentry","category-economia"],"jetpack_publicize_connections":[],"jetpack_featured_media_url":"https:\/\/i0.wp.com\/politicosaldesnudo.com.mx\/wp-content\/uploads\/2025\/08\/ALIM.jpg?fit=778%2C516&ssl=1","jetpack-related-posts":[],"jetpack_sharing_enabled":true,"_links":{"self":[{"href":"https:\/\/politicosaldesnudo.com.mx\/index.php\/wp-json\/wp\/v2\/posts\/68523","targetHints":{"allow":["GET"]}}],"collection":[{"href":"https:\/\/politicosaldesnudo.com.mx\/index.php\/wp-json\/wp\/v2\/posts"}],"about":[{"href":"https:\/\/politicosaldesnudo.com.mx\/index.php\/wp-json\/wp\/v2\/types\/post"}],"author":[{"embeddable":true,"href":"https:\/\/politicosaldesnudo.com.mx\/index.php\/wp-json\/wp\/v2\/users\/4"}],"replies":[{"embeddable":true,"href":"https:\/\/politicosaldesnudo.com.mx\/index.php\/wp-json\/wp\/v2\/comments?post=68523"}],"version-history":[{"count":0,"href":"https:\/\/politicosaldesnudo.com.mx\/index.php\/wp-json\/wp\/v2\/posts\/68523\/revisions"}],"wp:featuredmedia":[{"embeddable":true,"href":"https:\/\/politicosaldesnudo.com.mx\/index.php\/wp-json\/wp\/v2\/media\/68524"}],"wp:attachment":[{"href":"https:\/\/politicosaldesnudo.com.mx\/index.php\/wp-json\/wp\/v2\/media?parent=68523"}],"wp:term":[{"taxonomy":"category","embeddable":true,"href":"https:\/\/politicosaldesnudo.com.mx\/index.php\/wp-json\/wp\/v2\/categories?post=68523"},{"taxonomy":"post_tag","embeddable":true,"href":"https:\/\/politicosaldesnudo.com.mx\/index.php\/wp-json\/wp\/v2\/tags?post=68523"}],"curies":[{"name":"wp","href":"https:\/\/api.w.org\/{rel}","templated":true}]}}