{"id":68526,"date":"2025-08-11T00:13:46","date_gmt":"2025-08-11T06:13:46","guid":{"rendered":"https:\/\/politicosaldesnudo.com.mx\/?p=68526"},"modified":"2025-08-10T23:07:06","modified_gmt":"2025-08-11T05:07:06","slug":"rechaza-caravana-migrante-oferta-de-inm-para-seguir-tramites-en-tapachula","status":"publish","type":"post","link":"https:\/\/politicosaldesnudo.com.mx\/index.php\/2025\/08\/11\/rechaza-caravana-migrante-oferta-de-inm-para-seguir-tramites-en-tapachula\/","title":{"rendered":"Rechaza Caravana migrante oferta de INM para seguir tr\u00e1mites en Tapachula"},"content":{"rendered":"<p class=\"nota-justify\">La Caravana migrante autodenominada \u201c\u00c9xodo de la Justicia&#8217; rechaz\u00f3 la oferta del Instituto Nacional de Migraci\u00f3n para volver a Tapachula- de donde salieron el mi\u00e9rcoles- y resolverles la situaci\u00f3n de estancia en el pa\u00eds, por lo que decidieron seguir avanzando en busca de llegar al centro de la Rep\u00fablica.<\/p>\n<p class=\"nota-justify\">Farah Gertrudis Cerdio Mois\u00e9s, Delegada del INM en Chiapas, dijo a los extranjeros que revisar\u00edan los casos de cada uno y ser\u00edan trasladados en los veh\u00edculos oficiales para evitar que sigan exponi\u00e9ndose a los riesgos de la traves\u00eda.<\/p>\n<p class=\"nota-justify\">La funcionaria explic\u00f3 que se priorizar\u00eda la atenci\u00f3n a familias con ni\u00f1os y adolescentes, y posteriormente el resto de los integrantes del grupo.<\/p>\n<p class=\"nota-justify\">\u201cNo tenemos para pagar renta, a Tapachula a hacer qu\u00e9, y nosotros en la Comar no creemos, y como no creemos no nos regresamos\u201d, dijo una mujer cubana.<\/p>\n<p class=\"nota-justify\">El contingente descans\u00f3 dos d\u00edas en Escuintla, donde sostuvieron negociaciones con las autoridades federales, pero ante la falta de acuerdos seguir\u00e1n hacia Mapastepec, en la ruta por el Pac\u00edfico.<\/p>\n<p class=\"nota-justify\">\u201cAqu\u00ed estamos la mayor\u00eda, vamos a seguir a Mapastepec rumbo a Ciudad de M\u00e9xico, contamos a\u00fan con la protecci\u00f3n de las autoridades\u201d, dijo otro migrante.<\/p>\n<p class=\"nota-justify\">La Caravana migrante sali\u00f3 de la frontera sur el pasado mi\u00e9rcoles seis de agosto por la negativa a sus peticiones de asilo y la demora en respuestas en otros casos ante la Comisi\u00f3n Mexicana de Ayuda a Refugiados.<\/p>\n<p class=\"nota-justify\">Adem\u00e1s que durante la prolongada espera no hay trabajo, lo que dificulta el pago de alquiler y alimentaci\u00f3n, por lo que buscan ir a otras ciudades del pa\u00eds donde puedan encontrar opciones laborales y seguir con sus procesos de regularizaci\u00f3n.<\/p>\n<p class=\"nota-justify\">La intenci\u00f3n por ahora no es llegar a los Estados Unidos, como s\u00ed lo fue de los m\u00faltiples \u00e9xodos que se registraron el a\u00f1o pasado.<\/p>\n<p class=\"nota-justify\">Tan solo de octubre del a\u00f1o pasado a enero de este a\u00f1o se registraron unas 15 caravanas migrantes.<\/p>\n<p class=\"nota-justify\">Los grupos se organizaron r\u00e1pidamente antes de la llegada de Donald Trump a la Presidencia, porque tras el endurecimiento de las pol\u00edticas antiinmigraci\u00f3n se redujeron sustancialmente los flujos.<\/p>\n","protected":false},"excerpt":{"rendered":"<p>La Caravana migrante autodenominada \u201c\u00c9xodo de la Justicia&#8217; rechaz\u00f3 la oferta del Instituto Nacional de Migraci\u00f3n para volver a Tapachula-<\/p>\n","protected":false},"author":4,"featured_media":68527,"comment_status":"closed","ping_status":"closed","sticky":false,"template":"","format":"standard","meta":{"colormag_page_container_layout":"default_layout","colormag_page_sidebar_layout":"default_layout","_jetpack_memberships_contains_paid_content":false,"footnotes":"","jetpack_publicize_message":"","jetpack_publicize_feature_enabled":true,"jetpack_social_post_already_shared":true,"jetpack_social_options":{"image_generator_settings":{"template":"highway","default_image_id":0,"font":"","enabled":false},"version":2}},"categories":[30],"tags":[],"class_list":["post-68526","post","type-post","status-publish","format-standard","has-post-thumbnail","hentry","category-estados"],"jetpack_publicize_connections":[],"jetpack_featured_media_url":"https:\/\/i0.wp.com\/politicosaldesnudo.com.mx\/wp-content\/uploads\/2025\/08\/AHPA.jpg?fit=769%2C509&ssl=1","jetpack-related-posts":[],"jetpack_sharing_enabled":true,"_links":{"self":[{"href":"https:\/\/politicosaldesnudo.com.mx\/index.php\/wp-json\/wp\/v2\/posts\/68526","targetHints":{"allow":["GET"]}}],"collection":[{"href":"https:\/\/politicosaldesnudo.com.mx\/index.php\/wp-json\/wp\/v2\/posts"}],"about":[{"href":"https:\/\/politicosaldesnudo.com.mx\/index.php\/wp-json\/wp\/v2\/types\/post"}],"author":[{"embeddable":true,"href":"https:\/\/politicosaldesnudo.com.mx\/index.php\/wp-json\/wp\/v2\/users\/4"}],"replies":[{"embeddable":true,"href":"https:\/\/politicosaldesnudo.com.mx\/index.php\/wp-json\/wp\/v2\/comments?post=68526"}],"version-history":[{"count":0,"href":"https:\/\/politicosaldesnudo.com.mx\/index.php\/wp-json\/wp\/v2\/posts\/68526\/revisions"}],"wp:featuredmedia":[{"embeddable":true,"href":"https:\/\/politicosaldesnudo.com.mx\/index.php\/wp-json\/wp\/v2\/media\/68527"}],"wp:attachment":[{"href":"https:\/\/politicosaldesnudo.com.mx\/index.php\/wp-json\/wp\/v2\/media?parent=68526"}],"wp:term":[{"taxonomy":"category","embeddable":true,"href":"https:\/\/politicosaldesnudo.com.mx\/index.php\/wp-json\/wp\/v2\/categories?post=68526"},{"taxonomy":"post_tag","embeddable":true,"href":"https:\/\/politicosaldesnudo.com.mx\/index.php\/wp-json\/wp\/v2\/tags?post=68526"}],"curies":[{"name":"wp","href":"https:\/\/api.w.org\/{rel}","templated":true}]}}