{"id":6855,"date":"2022-06-23T14:38:27","date_gmt":"2022-06-23T19:38:27","guid":{"rendered":"https:\/\/politicosaldesnudo.com.mx\/?p=6855"},"modified":"2022-06-23T14:38:27","modified_gmt":"2022-06-23T19:38:27","slug":"gobierno-abre-campo-militar-no-1-el-primer-paso-hacia-la-verdad-y-la-reconciliacion-nacional","status":"publish","type":"post","link":"https:\/\/politicosaldesnudo.com.mx\/index.php\/2022\/06\/23\/gobierno-abre-campo-militar-no-1-el-primer-paso-hacia-la-verdad-y-la-reconciliacion-nacional\/","title":{"rendered":"Gobierno abre Campo Militar N\u00ba.1, el primer paso hacia la verdad y la reconciliaci\u00f3n nacional"},"content":{"rendered":"<p class=\"p1\">\n<p class=\"p1\"><span style=\"font-size: 14pt;\"><em><strong>Ciudad de M\u00e9xico.<\/strong><\/em> El <strong>presidente Andr\u00e9s Manuel L\u00f3pez Obrador<\/strong> encabez\u00f3 la ceremonia de inicio de <strong>apertura de instalaciones y archivos militares a la Comisi\u00f3n de la Verdad y Esclarecimiento Hist\u00f3rico por hechos ocurridos entre 1965 y 1990<\/strong>, en donde afirm\u00f3 que se trata de una de las acciones que el Gobierno de M\u00e9xico lleva a cabo para hacer justicia a v\u00edctimas y sus familiares por actos de represi\u00f3n y autoritarismo.<\/span><\/p>\n<p class=\"p1\"><span style=\"font-size: 18pt;\"><strong>\u201cEsa es la instrucci\u00f3n: que no ocultemos nada, absolutamente; cero impunidad y que podamos entre todos aclarar esta situaci\u00f3n y que podamos, yo espero que en poco tiempo, tener un relato completo con recomendaciones, con acciones que se deban de tomar para que de esta manera honremos la memoria de los que perdieron la vida, lucharon por un ideal o por cumplimiento de un deber\u201d, subray\u00f3.<\/strong><\/span><\/p>\n<p>&nbsp;<\/p>\n<p><img data-recalc-dims=\"1\" loading=\"lazy\" decoding=\"async\" class=\"aligncenter wp-image-6859 size-large\" src=\"https:\/\/i0.wp.com\/politicosaldesnudo.com.mx\/wp-content\/uploads\/2022\/06\/P-CAMPOMILITAR4-1024x573.png?resize=800%2C448&#038;ssl=1\" alt=\"\" width=\"800\" height=\"448\" srcset=\"https:\/\/i0.wp.com\/politicosaldesnudo.com.mx\/wp-content\/uploads\/2022\/06\/P-CAMPOMILITAR4.png?resize=1024%2C573&amp;ssl=1 1024w, https:\/\/i0.wp.com\/politicosaldesnudo.com.mx\/wp-content\/uploads\/2022\/06\/P-CAMPOMILITAR4.png?resize=300%2C168&amp;ssl=1 300w, https:\/\/i0.wp.com\/politicosaldesnudo.com.mx\/wp-content\/uploads\/2022\/06\/P-CAMPOMILITAR4.png?resize=768%2C430&amp;ssl=1 768w, https:\/\/i0.wp.com\/politicosaldesnudo.com.mx\/wp-content\/uploads\/2022\/06\/P-CAMPOMILITAR4.png?resize=1536%2C859&amp;ssl=1 1536w, https:\/\/i0.wp.com\/politicosaldesnudo.com.mx\/wp-content\/uploads\/2022\/06\/P-CAMPOMILITAR4.png?w=1816&amp;ssl=1 1816w, https:\/\/i0.wp.com\/politicosaldesnudo.com.mx\/wp-content\/uploads\/2022\/06\/P-CAMPOMILITAR4.png?w=1600&amp;ssl=1 1600w\" sizes=\"auto, (max-width: 800px) 100vw, 800px\" \/><\/p>\n<p>&nbsp;<\/p>\n<p class=\"p1\"><span style=\"font-size: 18pt;\"><strong>En las instalaciones del Campo Militar No. 1 en Naucalpan, Estado de M\u00e9xico, el mandatario refiri\u00f3 que esta acci\u00f3n significa un primer paso hacia la verdad con la participaci\u00f3n de v\u00edctimas y familiares.<\/strong><\/span><\/p>\n<blockquote>\n<p class=\"p1\"><span style=\"font-size: 14pt;\">No queremos que esto quede en la superficie, no queremos la simulaci\u00f3n. Queremos ir al fondo con la participaci\u00f3n de todas y todos, que hagamos ese compromiso porque es lo mejor, eso nos alivia a todos\u201d, apunt\u00f3.<\/span><\/p>\n<\/blockquote>\n<p class=\"p1\"><span style=\"font-size: 14pt;\">Agreg\u00f3 que este acto sin precedentes reconoce la lucha de las y los mexicanos v\u00edctimas de reg\u00edmenes autoritarios en sexenios anteriores.<\/span><\/p>\n<blockquote>\n<p class=\"p1\"><span style=\"font-size: 14pt;\">Muchos no se rindieron, continuaron luchando y, gracias a ellos, ahora estamos viviendo una etapa nueva en la historia de nuestro pa\u00eds. (\u2026) Estos momentos son fruto de aquellos tiempos de sacrificio de mucha gente. Entonces ya est\u00e1n cambiando las cosas en el pa\u00eds\u201d, expres\u00f3.<\/span><\/p>\n<\/blockquote>\n<p>&nbsp;<\/p>\n<p><img data-recalc-dims=\"1\" loading=\"lazy\" decoding=\"async\" class=\"aligncenter wp-image-6860 size-large\" src=\"https:\/\/i0.wp.com\/politicosaldesnudo.com.mx\/wp-content\/uploads\/2022\/06\/P-CAMPOMILITAR5-1024x573.png?resize=800%2C448&#038;ssl=1\" alt=\"\" width=\"800\" height=\"448\" srcset=\"https:\/\/i0.wp.com\/politicosaldesnudo.com.mx\/wp-content\/uploads\/2022\/06\/P-CAMPOMILITAR5.png?resize=1024%2C573&amp;ssl=1 1024w, https:\/\/i0.wp.com\/politicosaldesnudo.com.mx\/wp-content\/uploads\/2022\/06\/P-CAMPOMILITAR5.png?resize=300%2C168&amp;ssl=1 300w, https:\/\/i0.wp.com\/politicosaldesnudo.com.mx\/wp-content\/uploads\/2022\/06\/P-CAMPOMILITAR5.png?resize=768%2C430&amp;ssl=1 768w, https:\/\/i0.wp.com\/politicosaldesnudo.com.mx\/wp-content\/uploads\/2022\/06\/P-CAMPOMILITAR5.png?resize=1536%2C859&amp;ssl=1 1536w, https:\/\/i0.wp.com\/politicosaldesnudo.com.mx\/wp-content\/uploads\/2022\/06\/P-CAMPOMILITAR5.png?w=1816&amp;ssl=1 1816w, https:\/\/i0.wp.com\/politicosaldesnudo.com.mx\/wp-content\/uploads\/2022\/06\/P-CAMPOMILITAR5.png?w=1600&amp;ssl=1 1600w\" sizes=\"auto, (max-width: 800px) 100vw, 800px\" \/><\/p>\n<p>&nbsp;<\/p>\n<p class=\"p1\"><span style=\"font-size: 18pt;\"><strong>VERDAD Y ESCLARECIMIENTO<\/strong><\/span><\/p>\n<p class=\"p1\"><span style=\"font-size: 18pt;\"><strong>Andr\u00e9s Manuel L\u00f3pez Obrador reconoci\u00f3 la constituci\u00f3n de la Comisi\u00f3n de la Verdad y Esclarecimiento Hist\u00f3rico por hechos ocurridos entre 1965 y 1990. Adelant\u00f3 que pedir\u00e1 de manera respetuosa a la Fiscal\u00eda General de la Rep\u00fablica colaborar en este equipo de trabajo.<\/strong><\/span><\/p>\n<blockquote>\n<p class=\"p1\"><span style=\"font-size: 14pt;\">Es un acto de reconciliaci\u00f3n nacional que se necesita, porque no se le puede dar la vuelta as\u00ed nada m\u00e1s; tenemos que conocer toda la verdad y que haya justicia para que no se repitan actos oprobiosos, para que no vuelva a haber represi\u00f3n y autoritarismo en nuestro pa\u00eds\u201d<\/span><\/p>\n<\/blockquote>\n<p class=\"p1\"><span style=\"font-size: 14pt;\">Agradeci\u00f3 al secretario de la Defensa Nacional, Luis Cresencio Sandoval Gonz\u00e1lez, por sumar esfuerzos en esta iniciativa de esclarecimiento y justicia, as\u00ed como por su lealtad con el pueblo de M\u00e9xico.<\/span><\/p>\n<blockquote>\n<p class=\"p1\"><span style=\"font-size: 14pt;\">Estamos en un acto muy fuerte y, al mismo tiempo, lleno de significados y de dolor, pero tambi\u00e9n es un acto de esperanza. Es un acto para buscar, entre todos, cerrar una etapa, una historia negra de sufrimiento, de represi\u00f3n y dar inicio a una etapa nueva que, ya podr\u00eda decir, comenz\u00f3 desde hace poco m\u00e1s de tres a\u00f1os\u201d, precis\u00f3.<\/span><\/p>\n<\/blockquote>\n<p>&nbsp;<\/p>\n<p class=\"p1\"><span style=\"font-size: 18pt;\"><strong>RECONCILIACI\u00d3N<span class=\"Apple-converted-space\"> NACIONAL<\/span><\/strong><\/span><\/p>\n<p class=\"p1\"><span style=\"font-size: 18pt;\"><strong>El titular de Sedena dio a conocer que la Estrategia de Reconciliaci\u00f3n Social implementada por el Gobierno de la Cuarta Transformaci\u00f3n, acompa\u00f1a la entrega de documentos a fin de facilitar labores de b\u00fasqueda en los fondos documentales y el acceso a los campos militares.<\/strong><\/span><\/p>\n<p>&nbsp;<\/p>\n<p><img data-recalc-dims=\"1\" loading=\"lazy\" decoding=\"async\" class=\"aligncenter wp-image-6857 size-large\" src=\"https:\/\/i0.wp.com\/politicosaldesnudo.com.mx\/wp-content\/uploads\/2022\/06\/P-CAMPOMILITAR2-1024x573.png?resize=800%2C448&#038;ssl=1\" alt=\"\" width=\"800\" height=\"448\" srcset=\"https:\/\/i0.wp.com\/politicosaldesnudo.com.mx\/wp-content\/uploads\/2022\/06\/P-CAMPOMILITAR2.png?resize=1024%2C573&amp;ssl=1 1024w, https:\/\/i0.wp.com\/politicosaldesnudo.com.mx\/wp-content\/uploads\/2022\/06\/P-CAMPOMILITAR2.png?resize=300%2C168&amp;ssl=1 300w, https:\/\/i0.wp.com\/politicosaldesnudo.com.mx\/wp-content\/uploads\/2022\/06\/P-CAMPOMILITAR2.png?resize=768%2C430&amp;ssl=1 768w, https:\/\/i0.wp.com\/politicosaldesnudo.com.mx\/wp-content\/uploads\/2022\/06\/P-CAMPOMILITAR2.png?resize=1536%2C859&amp;ssl=1 1536w, https:\/\/i0.wp.com\/politicosaldesnudo.com.mx\/wp-content\/uploads\/2022\/06\/P-CAMPOMILITAR2.png?w=1816&amp;ssl=1 1816w, https:\/\/i0.wp.com\/politicosaldesnudo.com.mx\/wp-content\/uploads\/2022\/06\/P-CAMPOMILITAR2.png?w=1600&amp;ssl=1 1600w\" sizes=\"auto, (max-width: 800px) 100vw, 800px\" \/><\/p>\n<p>&nbsp;<\/p>\n<p class=\"p1\"><span style=\"font-size: 18pt;\"><strong>La dependencia, dijo, ha entregado con anterioridad al Archivo General de la Naci\u00f3n, mil 653 legajos relacionados con los movimientos sociales y pol\u00edticos del pasado con el prop\u00f3sito de fomentar la transparencia.<\/strong><\/span><\/p>\n<p>&nbsp;<\/p>\n<p class=\"p1\"><span style=\"font-size: 18pt;\"><strong>HIJA DE LUCIO CABA\u00d1AS<\/strong><\/span><\/p>\n<p class=\"p1\"><span style=\"font-size: 18pt;\"><strong>La sobreviviente e hija de Lucio Caba\u00f1as Barrientos, Micaela Caba\u00f1as Ayala y la familiar de una persona desaparecida de manera forzada, Alicia de los R\u00edos Merino, dieron testimonio de los casos violatorios de derechos humanos que ocurrieron en el Campo Militar No. 1 en el periodo entre 1965 y 1990.<\/strong><\/span><\/p>\n<p>&nbsp;<\/p>\n<p><img data-recalc-dims=\"1\" loading=\"lazy\" decoding=\"async\" class=\"aligncenter wp-image-6858 size-large\" src=\"https:\/\/i0.wp.com\/politicosaldesnudo.com.mx\/wp-content\/uploads\/2022\/06\/P-CAMPOMILITAR3-1024x573.png?resize=800%2C448&#038;ssl=1\" alt=\"\" width=\"800\" height=\"448\" srcset=\"https:\/\/i0.wp.com\/politicosaldesnudo.com.mx\/wp-content\/uploads\/2022\/06\/P-CAMPOMILITAR3.png?resize=1024%2C573&amp;ssl=1 1024w, https:\/\/i0.wp.com\/politicosaldesnudo.com.mx\/wp-content\/uploads\/2022\/06\/P-CAMPOMILITAR3.png?resize=300%2C168&amp;ssl=1 300w, https:\/\/i0.wp.com\/politicosaldesnudo.com.mx\/wp-content\/uploads\/2022\/06\/P-CAMPOMILITAR3.png?resize=768%2C430&amp;ssl=1 768w, https:\/\/i0.wp.com\/politicosaldesnudo.com.mx\/wp-content\/uploads\/2022\/06\/P-CAMPOMILITAR3.png?resize=1536%2C859&amp;ssl=1 1536w, https:\/\/i0.wp.com\/politicosaldesnudo.com.mx\/wp-content\/uploads\/2022\/06\/P-CAMPOMILITAR3.png?w=1816&amp;ssl=1 1816w, https:\/\/i0.wp.com\/politicosaldesnudo.com.mx\/wp-content\/uploads\/2022\/06\/P-CAMPOMILITAR3.png?w=1600&amp;ssl=1 1600w\" sizes=\"auto, (max-width: 800px) 100vw, 800px\" \/><\/p>\n<p>&nbsp;<\/p>\n<p class=\"p1\"><span style=\"font-size: 18pt;\"><strong>Reconocieron el compromiso del Gobierno de M\u00e9xico en responder por este tipo de actos de autoritarismo cometidos en d\u00e9cadas anteriores y confiaron en que las autoridades colocar\u00e1n la verdad como objetivo prioritario.<\/strong><\/span><\/p>\n<p>&nbsp;<\/p>\n<p>&nbsp;<\/p>\n<p>&nbsp;<\/p>\n<p>&nbsp;<\/p>\n<p>&nbsp;<\/p>\n","protected":false},"excerpt":{"rendered":"<p>Ciudad de M\u00e9xico. El presidente Andr\u00e9s Manuel L\u00f3pez Obrador encabez\u00f3 la ceremonia de inicio de apertura de instalaciones y archivos<\/p>\n","protected":false},"author":4,"featured_media":6856,"comment_status":"closed","ping_status":"closed","sticky":false,"template":"","format":"standard","meta":{"colormag_page_container_layout":"default_layout","colormag_page_sidebar_layout":"default_layout","_jetpack_memberships_contains_paid_content":false,"footnotes":"","jetpack_publicize_message":"","jetpack_publicize_feature_enabled":true,"jetpack_social_post_already_shared":false,"jetpack_social_options":{"image_generator_settings":{"template":"highway","default_image_id":0,"font":"","enabled":false},"version":2}},"categories":[33],"tags":[95,1006,1007,1008],"class_list":["post-6855","post","type-post","status-publish","format-standard","has-post-thumbnail","hentry","category-nacional","tag-andres-manuel-lopez-obrador","tag-campo-militar-no1","tag-comision-de-la-verdad-y-esclarecimiento-historico","tag-luis-cresencio-sandoval"],"jetpack_publicize_connections":[],"jetpack_featured_media_url":"https:\/\/i0.wp.com\/politicosaldesnudo.com.mx\/wp-content\/uploads\/2022\/06\/P-CAMPOMILITAR1.png?fit=1816%2C1016&ssl=1","jetpack-related-posts":[],"jetpack_sharing_enabled":true,"_links":{"self":[{"href":"https:\/\/politicosaldesnudo.com.mx\/index.php\/wp-json\/wp\/v2\/posts\/6855","targetHints":{"allow":["GET"]}}],"collection":[{"href":"https:\/\/politicosaldesnudo.com.mx\/index.php\/wp-json\/wp\/v2\/posts"}],"about":[{"href":"https:\/\/politicosaldesnudo.com.mx\/index.php\/wp-json\/wp\/v2\/types\/post"}],"author":[{"embeddable":true,"href":"https:\/\/politicosaldesnudo.com.mx\/index.php\/wp-json\/wp\/v2\/users\/4"}],"replies":[{"embeddable":true,"href":"https:\/\/politicosaldesnudo.com.mx\/index.php\/wp-json\/wp\/v2\/comments?post=6855"}],"version-history":[{"count":0,"href":"https:\/\/politicosaldesnudo.com.mx\/index.php\/wp-json\/wp\/v2\/posts\/6855\/revisions"}],"wp:featuredmedia":[{"embeddable":true,"href":"https:\/\/politicosaldesnudo.com.mx\/index.php\/wp-json\/wp\/v2\/media\/6856"}],"wp:attachment":[{"href":"https:\/\/politicosaldesnudo.com.mx\/index.php\/wp-json\/wp\/v2\/media?parent=6855"}],"wp:term":[{"taxonomy":"category","embeddable":true,"href":"https:\/\/politicosaldesnudo.com.mx\/index.php\/wp-json\/wp\/v2\/categories?post=6855"},{"taxonomy":"post_tag","embeddable":true,"href":"https:\/\/politicosaldesnudo.com.mx\/index.php\/wp-json\/wp\/v2\/tags?post=6855"}],"curies":[{"name":"wp","href":"https:\/\/api.w.org\/{rel}","templated":true}]}}