{"id":68577,"date":"2025-08-12T00:01:52","date_gmt":"2025-08-12T06:01:52","guid":{"rendered":"https:\/\/politicosaldesnudo.com.mx\/?p=68577"},"modified":"2025-08-11T22:25:32","modified_gmt":"2025-08-12T04:25:32","slug":"preservan-esencia-ancestral","status":"publish","type":"post","link":"https:\/\/politicosaldesnudo.com.mx\/index.php\/2025\/08\/12\/preservan-esencia-ancestral\/","title":{"rendered":"Preservan esencia ancestral"},"content":{"rendered":"<p>En el marco del D\u00eda Internacional de los Pueblos Ind\u00edgenas, el promotor cultural Gabriel Cruz Reyes destac\u00f3 la importancia de reconocer y preservar la esencia ancestral que, a pesar del paso del tiempo, sigue viva en la identidad de los mexicanos.<\/p>\n<p>Cruz Reyes record\u00f3 que, aunque muchos ya no hablan la lengua originaria ni portan vestimenta tradicional, las ra\u00edces ind\u00edgenas permanecen presentes en las costumbres, la gastronom\u00eda y las celebraciones comunitarias.<\/p>\n<p>\u201cSomos mestizo descendientes porque, en alg\u00fan momento, nuestros ancestros fueron parte de un grupo nativo de M\u00e9xico. Ya no usamos utensilios dom\u00e9sticos ancestrales ni realizamos las ceremonias sagradas como antes, pero conservamos esa esencia en los sabores, en las fiestas de identidad, en la mezcla de productos de la Tierra y el Agua. Esa es nuestra herencia ind\u00edgena, adaptada a la vida en la ciudad\u201d, expres\u00f3.<\/p>\n<p>El promotor cultural subray\u00f3 que la conmemoraci\u00f3n no debe limitarse a un solo d\u00eda, sino que debe vivirse de forma permanente como un acto de existencia, resiliencia y visibilidad.<\/p>\n<p>\u201cSiempre debemos autoreconocernos, recordar de d\u00f3nde venimos y rendir tributo a nuestros antepasados ind\u00edgenas\u201d,\u00a0concluy\u00f3.<\/p>\n","protected":false},"excerpt":{"rendered":"<p>En el marco del D\u00eda Internacional de los Pueblos Ind\u00edgenas, el promotor cultural Gabriel Cruz Reyes destac\u00f3 la importancia de<\/p>\n","protected":false},"author":4,"featured_media":68578,"comment_status":"closed","ping_status":"closed","sticky":false,"template":"","format":"standard","meta":{"colormag_page_container_layout":"default_layout","colormag_page_sidebar_layout":"default_layout","_jetpack_memberships_contains_paid_content":false,"footnotes":"","jetpack_publicize_message":"","jetpack_publicize_feature_enabled":true,"jetpack_social_post_already_shared":true,"jetpack_social_options":{"image_generator_settings":{"template":"highway","default_image_id":0,"font":"","enabled":false},"version":2}},"categories":[1082],"tags":[],"class_list":["post-68577","post","type-post","status-publish","format-standard","has-post-thumbnail","hentry","category-tuxpan"],"jetpack_publicize_connections":[],"jetpack_featured_media_url":"https:\/\/i0.wp.com\/politicosaldesnudo.com.mx\/wp-content\/uploads\/2025\/08\/ANC.jpg?fit=1200%2C1114&ssl=1","jetpack-related-posts":[],"jetpack_sharing_enabled":true,"_links":{"self":[{"href":"https:\/\/politicosaldesnudo.com.mx\/index.php\/wp-json\/wp\/v2\/posts\/68577","targetHints":{"allow":["GET"]}}],"collection":[{"href":"https:\/\/politicosaldesnudo.com.mx\/index.php\/wp-json\/wp\/v2\/posts"}],"about":[{"href":"https:\/\/politicosaldesnudo.com.mx\/index.php\/wp-json\/wp\/v2\/types\/post"}],"author":[{"embeddable":true,"href":"https:\/\/politicosaldesnudo.com.mx\/index.php\/wp-json\/wp\/v2\/users\/4"}],"replies":[{"embeddable":true,"href":"https:\/\/politicosaldesnudo.com.mx\/index.php\/wp-json\/wp\/v2\/comments?post=68577"}],"version-history":[{"count":0,"href":"https:\/\/politicosaldesnudo.com.mx\/index.php\/wp-json\/wp\/v2\/posts\/68577\/revisions"}],"wp:featuredmedia":[{"embeddable":true,"href":"https:\/\/politicosaldesnudo.com.mx\/index.php\/wp-json\/wp\/v2\/media\/68578"}],"wp:attachment":[{"href":"https:\/\/politicosaldesnudo.com.mx\/index.php\/wp-json\/wp\/v2\/media?parent=68577"}],"wp:term":[{"taxonomy":"category","embeddable":true,"href":"https:\/\/politicosaldesnudo.com.mx\/index.php\/wp-json\/wp\/v2\/categories?post=68577"},{"taxonomy":"post_tag","embeddable":true,"href":"https:\/\/politicosaldesnudo.com.mx\/index.php\/wp-json\/wp\/v2\/tags?post=68577"}],"curies":[{"name":"wp","href":"https:\/\/api.w.org\/{rel}","templated":true}]}}