{"id":68580,"date":"2025-08-12T00:02:07","date_gmt":"2025-08-12T06:02:07","guid":{"rendered":"https:\/\/politicosaldesnudo.com.mx\/?p=68580"},"modified":"2025-08-11T22:26:36","modified_gmt":"2025-08-12T04:26:36","slug":"acumulan-basura-en-costa","status":"publish","type":"post","link":"https:\/\/politicosaldesnudo.com.mx\/index.php\/2025\/08\/12\/acumulan-basura-en-costa\/","title":{"rendered":"Acumulan basura en costa"},"content":{"rendered":"<p>Prestadores de servicios tur\u00edsticos y vecinos de la zona de playa contin\u00faan haciendo un llamado urgente a las autoridades municipales para que se realicen trabajos de limpieza y retiro de la palizada y basura que, desde hace m\u00e1s de mes y medio, permanece acumulada en la costa, afectando la imagen del destino.<\/p>\n<p>De acuerdo con los afectados, la problem\u00e1tica inici\u00f3 tras el paso del hurac\u00e1n \u201cErick\u201d por el Pac\u00edfico mexicano, cuyos remanentes provocaron intensas lluvias en la regi\u00f3n. El incremento en el nivel de los r\u00edos ocasion\u00f3 desbordamientos que arrastraron a su paso troncos, desechos y residuos, deposit\u00e1ndolos finalmente en la playa tuxpe\u00f1a.<\/p>\n<p>Desde entonces, voluntarios han intentado organizar jornadas de limpieza, separando basura inorg\u00e1nica y amontonando los desechos org\u00e1nicos para su recolecci\u00f3n; sin embargo, el trabajo se ha visto interrumpido cada vez que la marea sube, dispersando nuevamente los residuos por la arena.<\/p>\n<p>\u201cLlevamos semanas pidiendo apoyo. Es muy triste que los turistas lleguen y lo primero que vean sean montones de basura\u201d, lament\u00f3 uno de los prestadores de servicios tur\u00edsticos, advirtiendo que esta situaci\u00f3n podr\u00eda afectar la pr\u00f3xima cabalgata de la Feria Comercial, Industrial, Artesanal, Agr\u00edcola y Ganadera, cuyo recorrido incluye la zona de playa.<\/p>\n<p>Los habitantes se\u00f1alaron que el problema no solo perjudica la imagen del puerto, sino que tambi\u00e9n representa un riesgo ambiental y sanitario. Por ello, pidieron que tanto autoridades como ciudadan\u00eda asuman la responsabilidad de mantener limpia\u00a0la\u00a0playa.<\/p>\n","protected":false},"excerpt":{"rendered":"<p>Prestadores de servicios tur\u00edsticos y vecinos de la zona de playa contin\u00faan haciendo un llamado urgente a las autoridades municipales [&hellip;]<\/p>\n","protected":false},"author":4,"featured_media":68581,"comment_status":"closed","ping_status":"closed","sticky":false,"template":"","format":"standard","meta":{"site-sidebar-layout":"default","site-content-layout":"","ast-site-content-layout":"default","site-content-style":"default","site-sidebar-style":"default","ast-global-header-display":"","ast-banner-title-visibility":"","ast-main-header-display":"","ast-hfb-above-header-display":"","ast-hfb-below-header-display":"","ast-hfb-mobile-header-display":"","site-post-title":"","ast-breadcrumbs-content":"","ast-featured-img":"","footer-sml-layout":"","ast-disable-related-posts":"","theme-transparent-header-meta":"","adv-header-id-meta":"","stick-header-meta":"","header-above-stick-meta":"","header-main-stick-meta":"","header-below-stick-meta":"","astra-migrate-meta-layouts":"default","ast-page-background-enabled":"default","ast-page-background-meta":{"desktop":{"background-color":"var(--ast-global-color-5)","background-image":"","background-repeat":"repeat","background-position":"center center","background-size":"auto","background-attachment":"scroll","background-type":"","background-media":"","overlay-type":"","overlay-color":"","overlay-opacity":"","overlay-gradient":""},"tablet":{"background-color":"","background-image":"","background-repeat":"repeat","background-position":"center center","background-size":"auto","background-attachment":"scroll","background-type":"","background-media":"","overlay-type":"","overlay-color":"","overlay-opacity":"","overlay-gradient":""},"mobile":{"background-color":"","background-image":"","background-repeat":"repeat","background-position":"center center","background-size":"auto","background-attachment":"scroll","background-type":"","background-media":"","overlay-type":"","overlay-color":"","overlay-opacity":"","overlay-gradient":""}},"ast-content-background-meta":{"desktop":{"background-color":"var(--ast-global-color-4)","background-image":"","background-repeat":"repeat","background-position":"center center","background-size":"auto","background-attachment":"scroll","background-type":"","background-media":"","overlay-type":"","overlay-color":"","overlay-opacity":"","overlay-gradient":""},"tablet":{"background-color":"var(--ast-global-color-4)","background-image":"","background-repeat":"repeat","background-position":"center center","background-size":"auto","background-attachment":"scroll","background-type":"","background-media":"","overlay-type":"","overlay-color":"","overlay-opacity":"","overlay-gradient":""},"mobile":{"background-color":"var(--ast-global-color-4)","background-image":"","background-repeat":"repeat","background-position":"center center","background-size":"auto","background-attachment":"scroll","background-type":"","background-media":"","overlay-type":"","overlay-color":"","overlay-opacity":"","overlay-gradient":""}},"_jetpack_newsletter_access":"","_jetpack_dont_email_post_to_subs":false,"_jetpack_newsletter_tier_id":0,"_jetpack_memberships_contains_paywalled_content":false,"_jetpack_feature_clip_id":0,"_jetpack_memberships_contains_paid_content":false,"footnotes":"","jetpack_publicize_message":"","jetpack_publicize_feature_enabled":true,"jetpack_social_post_already_shared":true,"jetpack_social_options":{"image_generator_settings":{"template":"highway","default_image_id":0,"font":"","enabled":false},"version":2},"jetpack_post_was_ever_published":false},"categories":[1],"tags":[],"class_list":["post-68580","post","type-post","status-publish","format-standard","has-post-thumbnail","hentry","category-sin-categoria"],"yoast_head":"<!-- This site is optimized with the Yoast SEO plugin v28.3 - https:\/\/yoast.com\/product\/yoast-seo-wordpress\/ -->\n<title>Acumulan basura en costa - Pol\u00edticos al Desnudo<\/title>\n<meta name=\"robots\" content=\"index, follow, max-snippet:-1, max-image-preview:large, max-video-preview:-1\" \/>\n<link rel=\"canonical\" href=\"https:\/\/politicosaldesnudo.com.mx\/index.php\/2025\/08\/12\/acumulan-basura-en-costa\/\" \/>\n<meta property=\"og:locale\" content=\"es_ES\" \/>\n<meta property=\"og:type\" content=\"article\" \/>\n<meta property=\"og:title\" content=\"Acumulan basura en costa - Pol\u00edticos al Desnudo\" \/>\n<meta property=\"og:description\" content=\"Prestadores de servicios tur\u00edsticos y vecinos de la zona de playa contin\u00faan haciendo un llamado urgente a las autoridades municipales [&hellip;]\" \/>\n<meta property=\"og:url\" content=\"https:\/\/politicosaldesnudo.com.mx\/index.php\/2025\/08\/12\/acumulan-basura-en-costa\/\" \/>\n<meta property=\"og:site_name\" content=\"Pol\u00edticos al Desnudo\" \/>\n<meta property=\"article:publisher\" content=\"https:\/\/www.facebook.com\/PoliticosAD\" \/>\n<meta property=\"article:published_time\" content=\"2025-08-12T06:02:07+00:00\" \/>\n<meta property=\"og:image\" content=\"https:\/\/i0.wp.com\/politicosaldesnudo.com.mx\/wp-content\/uploads\/2025\/08\/CO.jpg?fit=1200%2C903&ssl=1\" \/>\n\t<meta property=\"og:image:width\" content=\"1200\" \/>\n\t<meta property=\"og:image:height\" content=\"903\" \/>\n\t<meta property=\"og:image:type\" content=\"image\/jpeg\" \/>\n<meta name=\"author\" content=\"Redacci\u00f3n Pol\u00edticos\" \/>\n<meta name=\"twitter:card\" content=\"summary_large_image\" \/>\n<meta name=\"twitter:label1\" content=\"Escrito por\" \/>\n\t<meta name=\"twitter:data1\" content=\"Redacci\u00f3n Pol\u00edticos\" \/>\n\t<meta name=\"twitter:label2\" content=\"Tiempo de lectura\" \/>\n\t<meta name=\"twitter:data2\" content=\"1 minuto\" \/>\n<script type=\"application\/ld+json\" class=\"yoast-schema-graph\">{\"@context\":\"https:\\\/\\\/schema.org\",\"@graph\":[{\"@type\":\"Article\",\"@id\":\"https:\\\/\\\/politicosaldesnudo.com.mx\\\/index.php\\\/2025\\\/08\\\/12\\\/acumulan-basura-en-costa\\\/#article\",\"isPartOf\":{\"@id\":\"https:\\\/\\\/politicosaldesnudo.com.mx\\\/index.php\\\/2025\\\/08\\\/12\\\/acumulan-basura-en-costa\\\/\"},\"author\":{\"name\":\"Redacci\u00f3n Pol\u00edticos\",\"@id\":\"https:\\\/\\\/politicosaldesnudo.com.mx\\\/#\\\/schema\\\/person\\\/ef3a64e561cc3f3f5dc52fab81adde7e\"},\"headline\":\"Acumulan basura en costa\",\"datePublished\":\"2025-08-12T06:02:07+00:00\",\"mainEntityOfPage\":{\"@id\":\"https:\\\/\\\/politicosaldesnudo.com.mx\\\/index.php\\\/2025\\\/08\\\/12\\\/acumulan-basura-en-costa\\\/\"},\"wordCount\":260,\"publisher\":{\"@id\":\"https:\\\/\\\/politicosaldesnudo.com.mx\\\/#organization\"},\"image\":{\"@id\":\"https:\\\/\\\/politicosaldesnudo.com.mx\\\/index.php\\\/2025\\\/08\\\/12\\\/acumulan-basura-en-costa\\\/#primaryimage\"},\"thumbnailUrl\":\"https:\\\/\\\/i0.wp.com\\\/politicosaldesnudo.com.mx\\\/wp-content\\\/uploads\\\/2025\\\/08\\\/CO.jpg?fit=1200%2C903&ssl=1\",\"inLanguage\":\"es\"},{\"@type\":\"WebPage\",\"@id\":\"https:\\\/\\\/politicosaldesnudo.com.mx\\\/index.php\\\/2025\\\/08\\\/12\\\/acumulan-basura-en-costa\\\/\",\"url\":\"https:\\\/\\\/politicosaldesnudo.com.mx\\\/index.php\\\/2025\\\/08\\\/12\\\/acumulan-basura-en-costa\\\/\",\"name\":\"Acumulan basura en costa - Pol\u00edticos al Desnudo\",\"isPartOf\":{\"@id\":\"https:\\\/\\\/politicosaldesnudo.com.mx\\\/#website\"},\"primaryImageOfPage\":{\"@id\":\"https:\\\/\\\/politicosaldesnudo.com.mx\\\/index.php\\\/2025\\\/08\\\/12\\\/acumulan-basura-en-costa\\\/#primaryimage\"},\"image\":{\"@id\":\"https:\\\/\\\/politicosaldesnudo.com.mx\\\/index.php\\\/2025\\\/08\\\/12\\\/acumulan-basura-en-costa\\\/#primaryimage\"},\"thumbnailUrl\":\"https:\\\/\\\/i0.wp.com\\\/politicosaldesnudo.com.mx\\\/wp-content\\\/uploads\\\/2025\\\/08\\\/CO.jpg?fit=1200%2C903&ssl=1\",\"datePublished\":\"2025-08-12T06:02:07+00:00\",\"breadcrumb\":{\"@id\":\"https:\\\/\\\/politicosaldesnudo.com.mx\\\/index.php\\\/2025\\\/08\\\/12\\\/acumulan-basura-en-costa\\\/#breadcrumb\"},\"inLanguage\":\"es\",\"potentialAction\":[{\"@type\":\"ReadAction\",\"target\":[\"https:\\\/\\\/politicosaldesnudo.com.mx\\\/index.php\\\/2025\\\/08\\\/12\\\/acumulan-basura-en-costa\\\/\"]}]},{\"@type\":\"ImageObject\",\"inLanguage\":\"es\",\"@id\":\"https:\\\/\\\/politicosaldesnudo.com.mx\\\/index.php\\\/2025\\\/08\\\/12\\\/acumulan-basura-en-costa\\\/#primaryimage\",\"url\":\"https:\\\/\\\/i0.wp.com\\\/politicosaldesnudo.com.mx\\\/wp-content\\\/uploads\\\/2025\\\/08\\\/CO.jpg?fit=1200%2C903&ssl=1\",\"contentUrl\":\"https:\\\/\\\/i0.wp.com\\\/politicosaldesnudo.com.mx\\\/wp-content\\\/uploads\\\/2025\\\/08\\\/CO.jpg?fit=1200%2C903&ssl=1\",\"width\":1200,\"height\":903},{\"@type\":\"BreadcrumbList\",\"@id\":\"https:\\\/\\\/politicosaldesnudo.com.mx\\\/index.php\\\/2025\\\/08\\\/12\\\/acumulan-basura-en-costa\\\/#breadcrumb\",\"itemListElement\":[{\"@type\":\"ListItem\",\"position\":1,\"name\":\"Portada\",\"item\":\"https:\\\/\\\/politicosaldesnudo.com.mx\\\/\"},{\"@type\":\"ListItem\",\"position\":2,\"name\":\"Acumulan basura en costa\"}]},{\"@type\":\"WebSite\",\"@id\":\"https:\\\/\\\/politicosaldesnudo.com.mx\\\/#website\",\"url\":\"https:\\\/\\\/politicosaldesnudo.com.mx\\\/\",\"name\":\"Pol\u00edticos al Desnudo\",\"description\":\"\",\"publisher\":{\"@id\":\"https:\\\/\\\/politicosaldesnudo.com.mx\\\/#organization\"},\"potentialAction\":[{\"@type\":\"SearchAction\",\"target\":{\"@type\":\"EntryPoint\",\"urlTemplate\":\"https:\\\/\\\/politicosaldesnudo.com.mx\\\/?s={search_term_string}\"},\"query-input\":{\"@type\":\"PropertyValueSpecification\",\"valueRequired\":true,\"valueName\":\"search_term_string\"}}],\"inLanguage\":\"es\"},{\"@type\":\"Organization\",\"@id\":\"https:\\\/\\\/politicosaldesnudo.com.mx\\\/#organization\",\"name\":\"Pol\u00edticos al Desnudo\",\"url\":\"https:\\\/\\\/politicosaldesnudo.com.mx\\\/\",\"logo\":{\"@type\":\"ImageObject\",\"inLanguage\":\"es\",\"@id\":\"https:\\\/\\\/politicosaldesnudo.com.mx\\\/#\\\/schema\\\/logo\\\/image\\\/\",\"url\":\"https:\\\/\\\/i0.wp.com\\\/politicosaldesnudo.com.mx\\\/wp-content\\\/uploads\\\/2026\\\/08\\\/cropped-logo.webp?fit=400%2C126&ssl=1\",\"contentUrl\":\"https:\\\/\\\/i0.wp.com\\\/politicosaldesnudo.com.mx\\\/wp-content\\\/uploads\\\/2026\\\/08\\\/cropped-logo.webp?fit=400%2C126&ssl=1\",\"width\":400,\"height\":126,\"caption\":\"Pol\u00edticos al Desnudo\"},\"image\":{\"@id\":\"https:\\\/\\\/politicosaldesnudo.com.mx\\\/#\\\/schema\\\/logo\\\/image\\\/\"},\"sameAs\":[\"https:\\\/\\\/www.facebook.com\\\/PoliticosAD\"]},{\"@type\":\"Person\",\"@id\":\"https:\\\/\\\/politicosaldesnudo.com.mx\\\/#\\\/schema\\\/person\\\/ef3a64e561cc3f3f5dc52fab81adde7e\",\"name\":\"Redacci\u00f3n Pol\u00edticos\",\"url\":\"https:\\\/\\\/politicosaldesnudo.com.mx\\\/index.php\\\/author\\\/redaccion-politicos\\\/\"}]}<\/script>\n<!-- \/ Yoast SEO plugin. -->","yoast_head_json":{"title":"Acumulan basura en costa - Pol\u00edticos al Desnudo","robots":{"index":"index","follow":"follow","max-snippet":"max-snippet:-1","max-image-preview":"max-image-preview:large","max-video-preview":"max-video-preview:-1"},"canonical":"https:\/\/politicosaldesnudo.com.mx\/index.php\/2025\/08\/12\/acumulan-basura-en-costa\/","og_locale":"es_ES","og_type":"article","og_title":"Acumulan basura en costa - Pol\u00edticos al Desnudo","og_description":"Prestadores de servicios tur\u00edsticos y vecinos de la zona de playa contin\u00faan haciendo un llamado urgente a las autoridades municipales [&hellip;]","og_url":"https:\/\/politicosaldesnudo.com.mx\/index.php\/2025\/08\/12\/acumulan-basura-en-costa\/","og_site_name":"Pol\u00edticos al Desnudo","article_publisher":"https:\/\/www.facebook.com\/PoliticosAD","article_published_time":"2025-08-12T06:02:07+00:00","og_image":[{"width":1200,"height":903,"url":"https:\/\/i0.wp.com\/politicosaldesnudo.com.mx\/wp-content\/uploads\/2025\/08\/CO.jpg?fit=1200%2C903&ssl=1","type":"image\/jpeg"}],"author":"Redacci\u00f3n Pol\u00edticos","twitter_card":"summary_large_image","twitter_misc":{"Escrito por":"Redacci\u00f3n Pol\u00edticos","Tiempo de lectura":"1 minuto"},"schema":{"@context":"https:\/\/schema.org","@graph":[{"@type":"Article","@id":"https:\/\/politicosaldesnudo.com.mx\/index.php\/2025\/08\/12\/acumulan-basura-en-costa\/#article","isPartOf":{"@id":"https:\/\/politicosaldesnudo.com.mx\/index.php\/2025\/08\/12\/acumulan-basura-en-costa\/"},"author":{"name":"Redacci\u00f3n Pol\u00edticos","@id":"https:\/\/politicosaldesnudo.com.mx\/#\/schema\/person\/ef3a64e561cc3f3f5dc52fab81adde7e"},"headline":"Acumulan basura en costa","datePublished":"2025-08-12T06:02:07+00:00","mainEntityOfPage":{"@id":"https:\/\/politicosaldesnudo.com.mx\/index.php\/2025\/08\/12\/acumulan-basura-en-costa\/"},"wordCount":260,"publisher":{"@id":"https:\/\/politicosaldesnudo.com.mx\/#organization"},"image":{"@id":"https:\/\/politicosaldesnudo.com.mx\/index.php\/2025\/08\/12\/acumulan-basura-en-costa\/#primaryimage"},"thumbnailUrl":"https:\/\/i0.wp.com\/politicosaldesnudo.com.mx\/wp-content\/uploads\/2025\/08\/CO.jpg?fit=1200%2C903&ssl=1","inLanguage":"es"},{"@type":"WebPage","@id":"https:\/\/politicosaldesnudo.com.mx\/index.php\/2025\/08\/12\/acumulan-basura-en-costa\/","url":"https:\/\/politicosaldesnudo.com.mx\/index.php\/2025\/08\/12\/acumulan-basura-en-costa\/","name":"Acumulan basura en costa - Pol\u00edticos al Desnudo","isPartOf":{"@id":"https:\/\/politicosaldesnudo.com.mx\/#website"},"primaryImageOfPage":{"@id":"https:\/\/politicosaldesnudo.com.mx\/index.php\/2025\/08\/12\/acumulan-basura-en-costa\/#primaryimage"},"image":{"@id":"https:\/\/politicosaldesnudo.com.mx\/index.php\/2025\/08\/12\/acumulan-basura-en-costa\/#primaryimage"},"thumbnailUrl":"https:\/\/i0.wp.com\/politicosaldesnudo.com.mx\/wp-content\/uploads\/2025\/08\/CO.jpg?fit=1200%2C903&ssl=1","datePublished":"2025-08-12T06:02:07+00:00","breadcrumb":{"@id":"https:\/\/politicosaldesnudo.com.mx\/index.php\/2025\/08\/12\/acumulan-basura-en-costa\/#breadcrumb"},"inLanguage":"es","potentialAction":[{"@type":"ReadAction","target":["https:\/\/politicosaldesnudo.com.mx\/index.php\/2025\/08\/12\/acumulan-basura-en-costa\/"]}]},{"@type":"ImageObject","inLanguage":"es","@id":"https:\/\/politicosaldesnudo.com.mx\/index.php\/2025\/08\/12\/acumulan-basura-en-costa\/#primaryimage","url":"https:\/\/i0.wp.com\/politicosaldesnudo.com.mx\/wp-content\/uploads\/2025\/08\/CO.jpg?fit=1200%2C903&ssl=1","contentUrl":"https:\/\/i0.wp.com\/politicosaldesnudo.com.mx\/wp-content\/uploads\/2025\/08\/CO.jpg?fit=1200%2C903&ssl=1","width":1200,"height":903},{"@type":"BreadcrumbList","@id":"https:\/\/politicosaldesnudo.com.mx\/index.php\/2025\/08\/12\/acumulan-basura-en-costa\/#breadcrumb","itemListElement":[{"@type":"ListItem","position":1,"name":"Portada","item":"https:\/\/politicosaldesnudo.com.mx\/"},{"@type":"ListItem","position":2,"name":"Acumulan basura en costa"}]},{"@type":"WebSite","@id":"https:\/\/politicosaldesnudo.com.mx\/#website","url":"https:\/\/politicosaldesnudo.com.mx\/","name":"Pol\u00edticos al Desnudo","description":"","publisher":{"@id":"https:\/\/politicosaldesnudo.com.mx\/#organization"},"potentialAction":[{"@type":"SearchAction","target":{"@type":"EntryPoint","urlTemplate":"https:\/\/politicosaldesnudo.com.mx\/?s={search_term_string}"},"query-input":{"@type":"PropertyValueSpecification","valueRequired":true,"valueName":"search_term_string"}}],"inLanguage":"es"},{"@type":"Organization","@id":"https:\/\/politicosaldesnudo.com.mx\/#organization","name":"Pol\u00edticos al Desnudo","url":"https:\/\/politicosaldesnudo.com.mx\/","logo":{"@type":"ImageObject","inLanguage":"es","@id":"https:\/\/politicosaldesnudo.com.mx\/#\/schema\/logo\/image\/","url":"https:\/\/i0.wp.com\/politicosaldesnudo.com.mx\/wp-content\/uploads\/2026\/08\/cropped-logo.webp?fit=400%2C126&ssl=1","contentUrl":"https:\/\/i0.wp.com\/politicosaldesnudo.com.mx\/wp-content\/uploads\/2026\/08\/cropped-logo.webp?fit=400%2C126&ssl=1","width":400,"height":126,"caption":"Pol\u00edticos al Desnudo"},"image":{"@id":"https:\/\/politicosaldesnudo.com.mx\/#\/schema\/logo\/image\/"},"sameAs":["https:\/\/www.facebook.com\/PoliticosAD"]},{"@type":"Person","@id":"https:\/\/politicosaldesnudo.com.mx\/#\/schema\/person\/ef3a64e561cc3f3f5dc52fab81adde7e","name":"Redacci\u00f3n Pol\u00edticos","url":"https:\/\/politicosaldesnudo.com.mx\/index.php\/author\/redaccion-politicos\/"}]}},"jetpack_publicize_connections":[],"jetpack-related-posts":[{"id":88103,"url":"https:\/\/politicosaldesnudo.com.mx\/index.php\/2026\/08\/27\/rescatan-a-43-perros-de-un-infierno-clandestino-en-xalapa\/","url_meta":{"origin":68580,"position":0},"title":"Rescatan a 43 perros de un infierno clandestino en Xalapa","author":"Redacci\u00f3n Pol\u00edticos","date":"27 de agosto de 2026","format":false,"excerpt":"Los animales permanec\u00edan hacinados entre basura y plagas en una vivienda de la colonia Modelo; algunos presentan desnutrici\u00f3n, enfermedades en la piel y padecimientos transmitidos por garrapatas. Xalapa, Ver.\u2014 Un total de 43 perros fueron retirados de una vivienda donde presuntamente funcionaba un criadero clandestino, tras ser encontrados en condiciones\u2026","rel":"","context":"En \u00abESTADOS\u00bb","block_context":{"text":"ESTADOS","link":"https:\/\/politicosaldesnudo.com.mx\/index.php\/category\/estados\/"},"img":{"alt_text":"","src":"https:\/\/i0.wp.com\/politicosaldesnudo.com.mx\/wp-content\/uploads\/2026\/08\/ChatGPT-Image-27-ago-2026-17_38_17.png?fit=1200%2C675&ssl=1&resize=350%2C200","width":350,"height":200,"srcset":"https:\/\/i0.wp.com\/politicosaldesnudo.com.mx\/wp-content\/uploads\/2026\/08\/ChatGPT-Image-27-ago-2026-17_38_17.png?fit=1200%2C675&ssl=1&resize=350%2C200 1x, https:\/\/i0.wp.com\/politicosaldesnudo.com.mx\/wp-content\/uploads\/2026\/08\/ChatGPT-Image-27-ago-2026-17_38_17.png?fit=1200%2C675&ssl=1&resize=525%2C300 1.5x, https:\/\/i0.wp.com\/politicosaldesnudo.com.mx\/wp-content\/uploads\/2026\/08\/ChatGPT-Image-27-ago-2026-17_38_17.png?fit=1200%2C675&ssl=1&resize=700%2C400 2x, https:\/\/i0.wp.com\/politicosaldesnudo.com.mx\/wp-content\/uploads\/2026\/08\/ChatGPT-Image-27-ago-2026-17_38_17.png?fit=1200%2C675&ssl=1&resize=1050%2C600 3x"},"classes":[]},{"id":87653,"url":"https:\/\/politicosaldesnudo.com.mx\/index.php\/2026\/08\/11\/veracruz-tendra-lluvias-estas-regiones-podrian-registrar-los-mayores-acumulados\/","url_meta":{"origin":68580,"position":1},"title":"Veracruz tendr\u00e1 lluvias; estas regiones podr\u00edan registrar los mayores acumulados","author":"Redacci\u00f3n Pol\u00edticos","date":"11 de agosto de 2026","format":false,"excerpt":"El potencial de precipitaciones aumentar\u00e1 entre mi\u00e9rcoles y jueves por el paso de una onda tropical. En el sur del estado se esperan los mayores acumulados. Veracruz, Ver. \u2014 El estado de Veracruz mantendr\u00e1 condiciones favorables para la presencia de lluvias durante los pr\u00f3ximos d\u00edas, principalmente durante las noches y\u2026","rel":"","context":"En \u00abESTADOS\u00bb","block_context":{"text":"ESTADOS","link":"https:\/\/politicosaldesnudo.com.mx\/index.php\/category\/estados\/"},"img":{"alt_text":"","src":"https:\/\/i0.wp.com\/politicosaldesnudo.com.mx\/wp-content\/uploads\/2026\/08\/LLUVIAS.jpg?fit=1200%2C740&ssl=1&resize=350%2C200","width":350,"height":200,"srcset":"https:\/\/i0.wp.com\/politicosaldesnudo.com.mx\/wp-content\/uploads\/2026\/08\/LLUVIAS.jpg?fit=1200%2C740&ssl=1&resize=350%2C200 1x, https:\/\/i0.wp.com\/politicosaldesnudo.com.mx\/wp-content\/uploads\/2026\/08\/LLUVIAS.jpg?fit=1200%2C740&ssl=1&resize=525%2C300 1.5x, https:\/\/i0.wp.com\/politicosaldesnudo.com.mx\/wp-content\/uploads\/2026\/08\/LLUVIAS.jpg?fit=1200%2C740&ssl=1&resize=700%2C400 2x, https:\/\/i0.wp.com\/politicosaldesnudo.com.mx\/wp-content\/uploads\/2026\/08\/LLUVIAS.jpg?fit=1200%2C740&ssl=1&resize=1050%2C600 3x"},"classes":[]},{"id":88238,"url":"https:\/\/politicosaldesnudo.com.mx\/index.php\/2026\/08\/31\/veracruz-xalapa-y-cordoba-entran-al-mapa-nacional-de-desapariciones-concentran-mas-de-mil-800-casos\/","url_meta":{"origin":68580,"position":2},"title":"Veracruz, Xalapa y C\u00f3rdoba entran al mapa nacional de desapariciones; concentran m\u00e1s de mil 800 casos","author":"Redacci\u00f3n Pol\u00edticos","date":"31 de agosto de 2026","format":false,"excerpt":"Tres municipios veracruzanos figuran entre los 100 del pa\u00eds con mayor n\u00famero acumulado de personas desaparecidas. Veracruz puerto, Xalapa y C\u00f3rdoba re\u00fanen en conjunto mil 875 registros, seg\u00fan el Informe Municipal 2026 elaborado por Red Lupa con datos del Registro Nacional de Personas Desaparecidas y No Localizadas. Los casos documentados\u2026","rel":"","context":"En \u00abESTADOS\u00bb","block_context":{"text":"ESTADOS","link":"https:\/\/politicosaldesnudo.com.mx\/index.php\/category\/estados\/"},"img":{"alt_text":"","src":"https:\/\/i0.wp.com\/politicosaldesnudo.com.mx\/wp-content\/uploads\/2026\/08\/mapa-desapariciones-veracruz-1280x720-1.jpg?fit=1200%2C675&ssl=1&resize=350%2C200","width":350,"height":200,"srcset":"https:\/\/i0.wp.com\/politicosaldesnudo.com.mx\/wp-content\/uploads\/2026\/08\/mapa-desapariciones-veracruz-1280x720-1.jpg?fit=1200%2C675&ssl=1&resize=350%2C200 1x, https:\/\/i0.wp.com\/politicosaldesnudo.com.mx\/wp-content\/uploads\/2026\/08\/mapa-desapariciones-veracruz-1280x720-1.jpg?fit=1200%2C675&ssl=1&resize=525%2C300 1.5x, https:\/\/i0.wp.com\/politicosaldesnudo.com.mx\/wp-content\/uploads\/2026\/08\/mapa-desapariciones-veracruz-1280x720-1.jpg?fit=1200%2C675&ssl=1&resize=700%2C400 2x, https:\/\/i0.wp.com\/politicosaldesnudo.com.mx\/wp-content\/uploads\/2026\/08\/mapa-desapariciones-veracruz-1280x720-1.jpg?fit=1200%2C675&ssl=1&resize=1050%2C600 3x"},"classes":[]},{"id":88241,"url":"https:\/\/politicosaldesnudo.com.mx\/index.php\/2026\/08\/31\/falla-en-lineas-de-cfe-deja-sin-electricidad-a-zonas-de-yucatan-quintana-roo-y-chiapas\/","url_meta":{"origin":68580,"position":3},"title":"Falla en l\u00edneas de CFE deja sin electricidad a zonas de Yucat\u00e1n, Quintana Roo y Chiapas","author":"Redacci\u00f3n Pol\u00edticos","date":"31 de agosto de 2026","format":false,"excerpt":"La desconexi\u00f3n de dos l\u00edneas de transmisi\u00f3n provoc\u00f3 interrupciones parciales del suministro el\u00e9ctrico en tres estados del sureste mexicano. Cuadrillas de la empresa fueron desplegadas para recuperar el servicio. Una falla en la red de transmisi\u00f3n de la Comisi\u00f3n Federal de Electricidad (CFE) dej\u00f3 sin energ\u00eda el\u00e9ctrica a usuarios de\u2026","rel":"","context":"En \u00abNACIONAL\u00bb","block_context":{"text":"NACIONAL","link":"https:\/\/politicosaldesnudo.com.mx\/index.php\/category\/nacional\/"},"img":{"alt_text":"","src":"https:\/\/i0.wp.com\/politicosaldesnudo.com.mx\/wp-content\/uploads\/2026\/08\/ChatGPT-Image-31-ago-2026-21_49_04.png?fit=1200%2C675&ssl=1&resize=350%2C200","width":350,"height":200,"srcset":"https:\/\/i0.wp.com\/politicosaldesnudo.com.mx\/wp-content\/uploads\/2026\/08\/ChatGPT-Image-31-ago-2026-21_49_04.png?fit=1200%2C675&ssl=1&resize=350%2C200 1x, https:\/\/i0.wp.com\/politicosaldesnudo.com.mx\/wp-content\/uploads\/2026\/08\/ChatGPT-Image-31-ago-2026-21_49_04.png?fit=1200%2C675&ssl=1&resize=525%2C300 1.5x, https:\/\/i0.wp.com\/politicosaldesnudo.com.mx\/wp-content\/uploads\/2026\/08\/ChatGPT-Image-31-ago-2026-21_49_04.png?fit=1200%2C675&ssl=1&resize=700%2C400 2x, https:\/\/i0.wp.com\/politicosaldesnudo.com.mx\/wp-content\/uploads\/2026\/08\/ChatGPT-Image-31-ago-2026-21_49_04.png?fit=1200%2C675&ssl=1&resize=1050%2C600 3x"},"classes":[]},{"id":28388,"url":"https:\/\/politicosaldesnudo.com.mx\/index.php\/2024\/01\/02\/favorece-a-turismo-el-buen-clima\/","url_meta":{"origin":68580,"position":4},"title":"Favorece a turismo  el buen clima","author":"Redacci\u00f3n Pol\u00edticos","date":"2 de enero de 2024","format":false,"excerpt":"Tuxpan.- Este primero de enero, cientos de tuxpe\u00f1os y turistas antes de volver a sus lugares de procedencia, aprovecharon el buen clima que se registr\u00f3 en la ciudad para disfrutar de la playa y posteriormente de la zona restaurantera de La Mata, por lo que existi\u00f3 gran afluencia en este\u2026","rel":"","context":"En \u00abTUXPAN\u00bb","block_context":{"text":"TUXPAN","link":"https:\/\/politicosaldesnudo.com.mx\/index.php\/category\/tuxpan\/"},"img":{"alt_text":"","src":"https:\/\/i0.wp.com\/politicosaldesnudo.com.mx\/wp-content\/uploads\/2024\/01\/4b.jpg?fit=1080%2C687&ssl=1&resize=350%2C200","width":350,"height":200,"srcset":"https:\/\/i0.wp.com\/politicosaldesnudo.com.mx\/wp-content\/uploads\/2024\/01\/4b.jpg?fit=1080%2C687&ssl=1&resize=350%2C200 1x, https:\/\/i0.wp.com\/politicosaldesnudo.com.mx\/wp-content\/uploads\/2024\/01\/4b.jpg?fit=1080%2C687&ssl=1&resize=525%2C300 1.5x, https:\/\/i0.wp.com\/politicosaldesnudo.com.mx\/wp-content\/uploads\/2024\/01\/4b.jpg?fit=1080%2C687&ssl=1&resize=700%2C400 2x, https:\/\/i0.wp.com\/politicosaldesnudo.com.mx\/wp-content\/uploads\/2024\/01\/4b.jpg?fit=1080%2C687&ssl=1&resize=1050%2C600 3x"},"classes":[]},{"id":88285,"url":"https:\/\/politicosaldesnudo.com.mx\/index.php\/2026\/09\/01\/que-los-enfermos-esperen\/","url_meta":{"origin":68580,"position":5},"title":"Que los enfermos esperen","author":"Redacci\u00f3n Pol\u00edticos","date":"1 de septiembre de 2026","format":false,"excerpt":"R\u00fabrica Por Aurelio Contreras Moreno Algo muy grave est\u00e1 sucediendo con el manejo del dinero p\u00fablico en Veracruz. Y no se trata solamente de gastar mucho, gastar mal o de las prioridades cuestionables de una administraci\u00f3n. El problema de fondo es otro: la opacidad, el desorden administrativo y la ausencia\u2026","rel":"","context":"En \u00abOPINI\u00d3N\u00bb","block_context":{"text":"OPINI\u00d3N","link":"https:\/\/politicosaldesnudo.com.mx\/index.php\/category\/columnistas\/"},"img":{"alt_text":"","src":"https:\/\/i0.wp.com\/politicosaldesnudo.com.mx\/wp-content\/uploads\/2026\/09\/RUBRICA-0109.png?fit=1200%2C659&ssl=1&resize=350%2C200","width":350,"height":200,"srcset":"https:\/\/i0.wp.com\/politicosaldesnudo.com.mx\/wp-content\/uploads\/2026\/09\/RUBRICA-0109.png?fit=1200%2C659&ssl=1&resize=350%2C200 1x, https:\/\/i0.wp.com\/politicosaldesnudo.com.mx\/wp-content\/uploads\/2026\/09\/RUBRICA-0109.png?fit=1200%2C659&ssl=1&resize=525%2C300 1.5x, https:\/\/i0.wp.com\/politicosaldesnudo.com.mx\/wp-content\/uploads\/2026\/09\/RUBRICA-0109.png?fit=1200%2C659&ssl=1&resize=700%2C400 2x, https:\/\/i0.wp.com\/politicosaldesnudo.com.mx\/wp-content\/uploads\/2026\/09\/RUBRICA-0109.png?fit=1200%2C659&ssl=1&resize=1050%2C600 3x"},"classes":[]}],"jetpack_sharing_enabled":true,"jetpack_featured_media_url":"https:\/\/i0.wp.com\/politicosaldesnudo.com.mx\/wp-content\/uploads\/2025\/08\/CO.jpg?fit=1200%2C903&ssl=1","_links":{"self":[{"href":"https:\/\/politicosaldesnudo.com.mx\/index.php\/wp-json\/wp\/v2\/posts\/68580","targetHints":{"allow":["GET"]}}],"collection":[{"href":"https:\/\/politicosaldesnudo.com.mx\/index.php\/wp-json\/wp\/v2\/posts"}],"about":[{"href":"https:\/\/politicosaldesnudo.com.mx\/index.php\/wp-json\/wp\/v2\/types\/post"}],"author":[{"embeddable":true,"href":"https:\/\/politicosaldesnudo.com.mx\/index.php\/wp-json\/wp\/v2\/users\/4"}],"replies":[{"embeddable":true,"href":"https:\/\/politicosaldesnudo.com.mx\/index.php\/wp-json\/wp\/v2\/comments?post=68580"}],"version-history":[{"count":0,"href":"https:\/\/politicosaldesnudo.com.mx\/index.php\/wp-json\/wp\/v2\/posts\/68580\/revisions"}],"wp:featuredmedia":[{"embeddable":true,"href":"https:\/\/politicosaldesnudo.com.mx\/index.php\/wp-json\/wp\/v2\/media\/68581"}],"wp:attachment":[{"href":"https:\/\/politicosaldesnudo.com.mx\/index.php\/wp-json\/wp\/v2\/media?parent=68580"}],"wp:term":[{"taxonomy":"category","embeddable":true,"href":"https:\/\/politicosaldesnudo.com.mx\/index.php\/wp-json\/wp\/v2\/categories?post=68580"},{"taxonomy":"post_tag","embeddable":true,"href":"https:\/\/politicosaldesnudo.com.mx\/index.php\/wp-json\/wp\/v2\/tags?post=68580"}],"curies":[{"name":"wp","href":"https:\/\/api.w.org\/{rel}","templated":true}]}}