{"id":68589,"date":"2025-08-12T00:05:52","date_gmt":"2025-08-12T06:05:52","guid":{"rendered":"https:\/\/politicosaldesnudo.com.mx\/?p=68589"},"modified":"2025-08-11T22:45:00","modified_gmt":"2025-08-12T04:45:00","slug":"terminara-impunidad-de-jueces-corruptos-con-el-tribunal-de-disciplina-judicial-lenia-batres","status":"publish","type":"post","link":"https:\/\/politicosaldesnudo.com.mx\/index.php\/2025\/08\/12\/terminara-impunidad-de-jueces-corruptos-con-el-tribunal-de-disciplina-judicial-lenia-batres\/","title":{"rendered":"Terminar\u00e1 impunidad de jueces corruptos con el Tribunal de Disciplina Judicial: Lenia Batres"},"content":{"rendered":"<p class=\"nota-justify\">La ministra de la Suprema Corte de Justicia de la Naci\u00f3n (SCJN), Lenia Batres Guadarrama, asegur\u00f3 que en la nueva etapa del Poder Judicial de la Federaci\u00f3n (PJF) se terminar\u00e1 la impunidad para jueces corruptos, con la entrada en operaci\u00f3n del Tribunal de Disciplina Judicial.<\/p>\n<p class=\"nota-justify\">Durante un encuentro con l\u00edderes sociales y vecinos de la alcald\u00eda Iztacalco, en la Ciudad de M\u00e9xico, la ministra critic\u00f3 que hasta ahora el Poder Judicial se ha escudado en su autonom\u00eda para actuar con impunidad, permitiendo que quienes imparten justicia ignoren la ley y emitan sentencias il\u00f3gicas e injustas sin consecuencias.<\/p>\n<p class=\"nota-justify\">\u201cEl a\u00f1o antepasado emiti\u00f3 13 sanciones de un total de cerca de 10 mil quejas. Impunidad asegurada\u201d, afirm\u00f3 la ministra Batres, quien a\u00f1adi\u00f3 que esta facultad debe reforzarse con la observaci\u00f3n y vigilancia permanente del pueblo sobre la actuaci\u00f3n de las personas juzgadoras.<\/p>\n<p class=\"nota-justify\">El domingo pasado, la ministra se reuni\u00f3 con representantes de diversas organizaciones sociales en Iztacalco, como el Movimiento C\u00edvico Popular, la Uni\u00f3n de Colonias Populares, la Uni\u00f3n Nacional de Organizaciones Regionales Campesinas Aut\u00f3nomas (UNORCA), entre otras. Tambi\u00e9n asistieron candidatos a jueces y magistrados electos recientemente, tanto locales como federales.<\/p>\n<p class=\"nota-justify\">Lenia Batres destac\u00f3 que el Poder Judicial ha estado desconectado de las problem\u00e1ticas sociales y poco abierto al di\u00e1logo con la ciudadan\u00eda. Por ello, afirm\u00f3 que es una \u201cobligaci\u00f3n moral permanente\u201d para los juzgadores dialogar con la gente y entender sus problemas, y expres\u00f3 su deseo de que esta obligaci\u00f3n se convierta pronto en un mandato jur\u00eddico para todo el Poder Judicial.<\/p>\n<p class=\"nota-justify\">Al concluir la reuni\u00f3n, el escultor Pedro Ponzanelli entreg\u00f3 a la ministra una escultura inspirada en su visi\u00f3n de la justicia renovada tras la reforma judicial, simbolizando la nueva etapa que est\u00e1 por venir.<\/p>\n","protected":false},"excerpt":{"rendered":"<p>La ministra de la Suprema Corte de Justicia de la Naci\u00f3n (SCJN), Lenia Batres Guadarrama, asegur\u00f3 que en la nueva<\/p>\n","protected":false},"author":4,"featured_media":68590,"comment_status":"closed","ping_status":"closed","sticky":false,"template":"","format":"standard","meta":{"colormag_page_container_layout":"default_layout","colormag_page_sidebar_layout":"default_layout","_jetpack_memberships_contains_paid_content":false,"footnotes":"","jetpack_publicize_message":"","jetpack_publicize_feature_enabled":true,"jetpack_social_post_already_shared":true,"jetpack_social_options":{"image_generator_settings":{"template":"highway","default_image_id":0,"font":"","enabled":false},"version":2}},"categories":[33],"tags":[],"class_list":["post-68589","post","type-post","status-publish","format-standard","has-post-thumbnail","hentry","category-nacional"],"jetpack_publicize_connections":[],"jetpack_featured_media_url":"https:\/\/i0.wp.com\/politicosaldesnudo.com.mx\/wp-content\/uploads\/2025\/08\/LENIO.jpg?fit=761%2C510&ssl=1","jetpack-related-posts":[],"jetpack_sharing_enabled":true,"_links":{"self":[{"href":"https:\/\/politicosaldesnudo.com.mx\/index.php\/wp-json\/wp\/v2\/posts\/68589","targetHints":{"allow":["GET"]}}],"collection":[{"href":"https:\/\/politicosaldesnudo.com.mx\/index.php\/wp-json\/wp\/v2\/posts"}],"about":[{"href":"https:\/\/politicosaldesnudo.com.mx\/index.php\/wp-json\/wp\/v2\/types\/post"}],"author":[{"embeddable":true,"href":"https:\/\/politicosaldesnudo.com.mx\/index.php\/wp-json\/wp\/v2\/users\/4"}],"replies":[{"embeddable":true,"href":"https:\/\/politicosaldesnudo.com.mx\/index.php\/wp-json\/wp\/v2\/comments?post=68589"}],"version-history":[{"count":0,"href":"https:\/\/politicosaldesnudo.com.mx\/index.php\/wp-json\/wp\/v2\/posts\/68589\/revisions"}],"wp:featuredmedia":[{"embeddable":true,"href":"https:\/\/politicosaldesnudo.com.mx\/index.php\/wp-json\/wp\/v2\/media\/68590"}],"wp:attachment":[{"href":"https:\/\/politicosaldesnudo.com.mx\/index.php\/wp-json\/wp\/v2\/media?parent=68589"}],"wp:term":[{"taxonomy":"category","embeddable":true,"href":"https:\/\/politicosaldesnudo.com.mx\/index.php\/wp-json\/wp\/v2\/categories?post=68589"},{"taxonomy":"post_tag","embeddable":true,"href":"https:\/\/politicosaldesnudo.com.mx\/index.php\/wp-json\/wp\/v2\/tags?post=68589"}],"curies":[{"name":"wp","href":"https:\/\/api.w.org\/{rel}","templated":true}]}}