{"id":68595,"date":"2025-08-12T00:07:00","date_gmt":"2025-08-12T06:07:00","guid":{"rendered":"https:\/\/politicosaldesnudo.com.mx\/?p=68595"},"modified":"2025-08-11T22:50:10","modified_gmt":"2025-08-12T04:50:10","slug":"juntos-consolidamos-la-democracia-afirma-csp-al-instalar-comision-de-reforma-electoral","status":"publish","type":"post","link":"https:\/\/politicosaldesnudo.com.mx\/index.php\/2025\/08\/12\/juntos-consolidamos-la-democracia-afirma-csp-al-instalar-comision-de-reforma-electoral\/","title":{"rendered":"\u00abJuntos consolidamos la democracia\u00bb, afirma CSP al instalar Comisi\u00f3n de Reforma Electoral"},"content":{"rendered":"<p class=\"nota-justify\">La presidenta, Claudia Sheinbaum Pardo, encabez\u00f3 este lunes en Palacio Nacional la instalaci\u00f3n de la Comisi\u00f3n Presidencial para la Reforma Electoral, con lo que formalmente comienzan los trabajos de esta instancia.<\/p>\n<p>\u201cInstalamos la Comisi\u00f3n Presidencial para la Reforma Electoral, encabezada por Pablo G\u00f3mez \u00c1lvarez; avanza la planeaci\u00f3n de foros que se realizar\u00e1n en todo el pa\u00eds. Juntas y juntos consolidamos la democracia\u201d, expres\u00f3 la mandataria en redes sociales al difundir una fotograf\u00eda del encuentro.<\/p>\n<p class=\"nota-justify\">Junto con el titular de esa instancia, Pablo G\u00f3mez, acudi\u00f3 la secretaria de Gobernaci\u00f3n, Rosa Icela Rodr\u00edguez.<\/p>\n<p>Dicha comisi\u00f3n tambi\u00e9n estar\u00e1 conformada por los titulares de la Agencia de Transformaci\u00f3n Digital y Telecomunicaciones; la Consejer\u00eda Jur\u00eddica del Ejecutivo Federal; la Oficina de la Presidencia de la Rep\u00fablica; la Coordinaci\u00f3n de Asesores del Presidente de la Oficina de la Presidencia de la Rep\u00fablica, y la Coordinaci\u00f3n General de Pol\u00edtica y Gobierno de la Oficina de la Presidencia de la Rep\u00fablica.<\/p>\n<p>Por la ma\u00f1ana, en la conferencia de prensa en el Sal\u00f3n Tesorer\u00eda, G\u00f3mez \u00c1lvarez expuso que en octubre comenzar\u00e1n foros, debates y consultas p\u00fablicas sobre este tema, con el objetivo de presentar las conclusiones en enero a la titular del Ejecutivo federal.<\/p>\n","protected":false},"excerpt":{"rendered":"<p>La presidenta, Claudia Sheinbaum Pardo, encabez\u00f3 este lunes en Palacio Nacional la instalaci\u00f3n de la Comisi\u00f3n Presidencial para la Reforma<\/p>\n","protected":false},"author":4,"featured_media":68596,"comment_status":"closed","ping_status":"closed","sticky":false,"template":"","format":"standard","meta":{"colormag_page_container_layout":"default_layout","colormag_page_sidebar_layout":"default_layout","_jetpack_memberships_contains_paid_content":false,"footnotes":"","jetpack_publicize_message":"","jetpack_publicize_feature_enabled":true,"jetpack_social_post_already_shared":true,"jetpack_social_options":{"image_generator_settings":{"template":"highway","default_image_id":0,"font":"","enabled":false},"version":2}},"categories":[33],"tags":[],"class_list":["post-68595","post","type-post","status-publish","format-standard","has-post-thumbnail","hentry","category-nacional"],"jetpack_publicize_connections":[],"jetpack_featured_media_url":"https:\/\/i0.wp.com\/politicosaldesnudo.com.mx\/wp-content\/uploads\/2025\/08\/SH-1.jpg?fit=2048%2C1364&ssl=1","jetpack-related-posts":[],"jetpack_sharing_enabled":true,"_links":{"self":[{"href":"https:\/\/politicosaldesnudo.com.mx\/index.php\/wp-json\/wp\/v2\/posts\/68595","targetHints":{"allow":["GET"]}}],"collection":[{"href":"https:\/\/politicosaldesnudo.com.mx\/index.php\/wp-json\/wp\/v2\/posts"}],"about":[{"href":"https:\/\/politicosaldesnudo.com.mx\/index.php\/wp-json\/wp\/v2\/types\/post"}],"author":[{"embeddable":true,"href":"https:\/\/politicosaldesnudo.com.mx\/index.php\/wp-json\/wp\/v2\/users\/4"}],"replies":[{"embeddable":true,"href":"https:\/\/politicosaldesnudo.com.mx\/index.php\/wp-json\/wp\/v2\/comments?post=68595"}],"version-history":[{"count":0,"href":"https:\/\/politicosaldesnudo.com.mx\/index.php\/wp-json\/wp\/v2\/posts\/68595\/revisions"}],"wp:featuredmedia":[{"embeddable":true,"href":"https:\/\/politicosaldesnudo.com.mx\/index.php\/wp-json\/wp\/v2\/media\/68596"}],"wp:attachment":[{"href":"https:\/\/politicosaldesnudo.com.mx\/index.php\/wp-json\/wp\/v2\/media?parent=68595"}],"wp:term":[{"taxonomy":"category","embeddable":true,"href":"https:\/\/politicosaldesnudo.com.mx\/index.php\/wp-json\/wp\/v2\/categories?post=68595"},{"taxonomy":"post_tag","embeddable":true,"href":"https:\/\/politicosaldesnudo.com.mx\/index.php\/wp-json\/wp\/v2\/tags?post=68595"}],"curies":[{"name":"wp","href":"https:\/\/api.w.org\/{rel}","templated":true}]}}