{"id":68644,"date":"2025-08-13T00:02:33","date_gmt":"2025-08-13T06:02:33","guid":{"rendered":"https:\/\/politicosaldesnudo.com.mx\/?p=68644"},"modified":"2025-08-12T22:20:06","modified_gmt":"2025-08-13T04:20:06","slug":"con-causa-se-presentara-recital-musical","status":"publish","type":"post","link":"https:\/\/politicosaldesnudo.com.mx\/index.php\/2025\/08\/13\/con-causa-se-presentara-recital-musical\/","title":{"rendered":"Con causa, se presentar\u00e1 recital Musical"},"content":{"rendered":"<p>El pr\u00f3ximo 23 y 24 de agosto se llevar\u00e1 a cabo un recital musical del grupo Semillas del Sol, un evento ben\u00e9fico organizado para apoyar a diversas agrupaciones y asociaciones civiles.<\/p>\n<p>Bajo el lema \u00abAyuda para ayudar\u00bb, la iniciativa busca recaudar fondos que ser\u00e1n destinados a organizaciones que trabajan en pro de la comunidad y el bienestar animal, el concierto, que promete ser una experiencia emotiva, tendr\u00e1 lugar en el auditorio principal de la ciudad, y se espera una gran afluencia de p\u00fablico solidario.<\/p>\n<p>La directora general del evento, Dana Mu\u00f1oz, inform\u00f3 que los fondos recaudados se distribuir\u00e1n entre varias asociaciones civiles. Entre ellas se encuentran Esfuerzo Com\u00fan, una organizaci\u00f3n dedicada a proyectos de desarrollo social, Padres de Ni\u00f1os con Autismo, que brinda apoyo y recursos a familias que enfrentan esta condici\u00f3n. La participaci\u00f3n de estas asociaciones resalta la amplia gama de causas que el recital busca apoyar, desde la inclusi\u00f3n social hasta la ayuda comunitaria.<\/p>\n<p>Adem\u00e1s, el recital tambi\u00e9n destinar\u00e1 parte de lo recaudado a la protecci\u00f3n animal. Las asociaciones Gatito Vaguito y Animal Contento, reconocidas por su labor en el rescate, cuidado y adopci\u00f3n de animales, ser\u00e1n beneficiadas. La inclusi\u00f3n de estas agrupaciones demuestra un compromiso integral con causas sociales y ambientales, abarcando a los sectores m\u00e1s vulnerables de la sociedad y a los seres vivos que la comparten.<\/p>\n<p>Con la venta de cada boleto, los asistentes no solo disfrutar\u00e1n de un espect\u00e1culo musical de calidad, sino que tambi\u00e9n contribuir\u00e1n directamente a la labor de estas asociaciones. El recital se presenta como una oportunidad para disfrutar del arte mientras se ejerce un acto de solidaridad. La comunidad se une en un esfuerzo colectivo para marcar una diferencia, demostrando que la cultura y la ayuda humanitaria pueden ir de la mano.<\/p>\n","protected":false},"excerpt":{"rendered":"<p>El pr\u00f3ximo 23 y 24 de agosto se llevar\u00e1 a cabo un recital musical del grupo Semillas del Sol, un<\/p>\n","protected":false},"author":4,"featured_media":68645,"comment_status":"closed","ping_status":"closed","sticky":false,"template":"","format":"standard","meta":{"colormag_page_container_layout":"default_layout","colormag_page_sidebar_layout":"default_layout","_jetpack_memberships_contains_paid_content":false,"footnotes":"","jetpack_publicize_message":"","jetpack_publicize_feature_enabled":true,"jetpack_social_post_already_shared":true,"jetpack_social_options":{"image_generator_settings":{"template":"highway","default_image_id":0,"font":"","enabled":false},"version":2}},"categories":[1082],"tags":[],"class_list":["post-68644","post","type-post","status-publish","format-standard","has-post-thumbnail","hentry","category-tuxpan"],"jetpack_publicize_connections":[],"jetpack_featured_media_url":"https:\/\/i0.wp.com\/politicosaldesnudo.com.mx\/wp-content\/uploads\/2025\/08\/WhatsApp-Image-2025-08-12-at-08.35.56.jpg?fit=1600%2C726&ssl=1","jetpack-related-posts":[],"jetpack_sharing_enabled":true,"_links":{"self":[{"href":"https:\/\/politicosaldesnudo.com.mx\/index.php\/wp-json\/wp\/v2\/posts\/68644","targetHints":{"allow":["GET"]}}],"collection":[{"href":"https:\/\/politicosaldesnudo.com.mx\/index.php\/wp-json\/wp\/v2\/posts"}],"about":[{"href":"https:\/\/politicosaldesnudo.com.mx\/index.php\/wp-json\/wp\/v2\/types\/post"}],"author":[{"embeddable":true,"href":"https:\/\/politicosaldesnudo.com.mx\/index.php\/wp-json\/wp\/v2\/users\/4"}],"replies":[{"embeddable":true,"href":"https:\/\/politicosaldesnudo.com.mx\/index.php\/wp-json\/wp\/v2\/comments?post=68644"}],"version-history":[{"count":0,"href":"https:\/\/politicosaldesnudo.com.mx\/index.php\/wp-json\/wp\/v2\/posts\/68644\/revisions"}],"wp:featuredmedia":[{"embeddable":true,"href":"https:\/\/politicosaldesnudo.com.mx\/index.php\/wp-json\/wp\/v2\/media\/68645"}],"wp:attachment":[{"href":"https:\/\/politicosaldesnudo.com.mx\/index.php\/wp-json\/wp\/v2\/media?parent=68644"}],"wp:term":[{"taxonomy":"category","embeddable":true,"href":"https:\/\/politicosaldesnudo.com.mx\/index.php\/wp-json\/wp\/v2\/categories?post=68644"},{"taxonomy":"post_tag","embeddable":true,"href":"https:\/\/politicosaldesnudo.com.mx\/index.php\/wp-json\/wp\/v2\/tags?post=68644"}],"curies":[{"name":"wp","href":"https:\/\/api.w.org\/{rel}","templated":true}]}}