{"id":68647,"date":"2025-08-13T00:03:36","date_gmt":"2025-08-13T06:03:36","guid":{"rendered":"https:\/\/politicosaldesnudo.com.mx\/?p=68647"},"modified":"2025-08-12T22:21:09","modified_gmt":"2025-08-13T04:21:09","slug":"avanzan-los-trabajos-de-mantenimiento-en-areas-verdes-y-espacios-publicos","status":"publish","type":"post","link":"https:\/\/politicosaldesnudo.com.mx\/index.php\/2025\/08\/13\/avanzan-los-trabajos-de-mantenimiento-en-areas-verdes-y-espacios-publicos\/","title":{"rendered":"Avanzan los trabajos de mantenimiento en \u00e1reas verdes y espacios p\u00fablicos"},"content":{"rendered":"<p>El personal de la direcci\u00f3n de Parques y Jardines, junto con el de Panteones, ha intensificado sus labores de mantenimiento en distintos puntos de la ciudad, con el objetivo de mejorar la imagen urbana y proporcionar a los ciudadanos espacios m\u00e1s limpios y seguros.<\/p>\n<p>Los equipos est\u00e1n trabajando arduamente en la atenci\u00f3n de parques infantiles, escalinatas, camellones y zonas escolares, respondiendo as\u00ed a la demanda de la poblaci\u00f3n de tener \u00e1reas verdes y de recreaci\u00f3n en mejores condiciones.<\/p>\n<p>El presidente municipal, Jesus Fomperoza Torres, destac\u00f3 que el esfuerzo de los trabajadores est\u00e1 enfocado en una mayor cobertura, llegando a m\u00e1s zonas de la ciudad. Esta iniciativa busca no solo embellecer el entorno, sino tambi\u00e9n fomentar un ambiente propicio para el desarrollo de actividades al aire libre, tanto para ni\u00f1os como para adultos. La mejora de estos espacios p\u00fablicos es una prioridad para la administraci\u00f3n, que busca garantizar el bienestar de la comunidad.<\/p>\n<p>Los trabajos de mantenimiento continuar\u00e1n y se extender\u00e1n a otros puntos que han sido solicitados por la ciudadan\u00eda, las peticiones, recibidas a trav\u00e9s de escritos y redes sociales, son consideradas para la planificaci\u00f3n de las siguientes etapas. Esto demuestra la voluntad de la administraci\u00f3n de escuchar y atender las necesidades de los habitantes, estableciendo un canal de comunicaci\u00f3n directo y efectivo.<\/p>\n<p>El avance en estos trabajos refleja un compromiso con la mejora de la calidad de vida de los habitantes. La colaboraci\u00f3n entre las distintas dependencias municipales est\u00e1 permitiendo una respuesta m\u00e1s r\u00e1pida y eficiente a las solicitudes ciudadanas, transformando la infraestructura urbana y creando un entorno m\u00e1s agradable para todos. Se espera que, con el paso de las semanas, se logre atender la totalidad de las peticiones para que la comunidad pueda disfrutar plenamente de sus \u00e1reas verdes y espacios de recreaci\u00f3n.<\/p>\n","protected":false},"excerpt":{"rendered":"<p>El personal de la direcci\u00f3n de Parques y Jardines, junto con el de Panteones, ha intensificado sus labores de mantenimiento<\/p>\n","protected":false},"author":4,"featured_media":68648,"comment_status":"closed","ping_status":"closed","sticky":false,"template":"","format":"standard","meta":{"colormag_page_container_layout":"default_layout","colormag_page_sidebar_layout":"default_layout","_jetpack_memberships_contains_paid_content":false,"footnotes":"","jetpack_publicize_message":"","jetpack_publicize_feature_enabled":true,"jetpack_social_post_already_shared":true,"jetpack_social_options":{"image_generator_settings":{"template":"highway","default_image_id":0,"font":"","enabled":false},"version":2}},"categories":[1082],"tags":[],"class_list":["post-68647","post","type-post","status-publish","format-standard","has-post-thumbnail","hentry","category-tuxpan"],"jetpack_publicize_connections":[],"jetpack_featured_media_url":"https:\/\/i0.wp.com\/politicosaldesnudo.com.mx\/wp-content\/uploads\/2025\/08\/WhatsApp-Image-2025-08-12-at-08.35.56-1.jpg?fit=1280%2C720&ssl=1","jetpack-related-posts":[],"jetpack_sharing_enabled":true,"_links":{"self":[{"href":"https:\/\/politicosaldesnudo.com.mx\/index.php\/wp-json\/wp\/v2\/posts\/68647","targetHints":{"allow":["GET"]}}],"collection":[{"href":"https:\/\/politicosaldesnudo.com.mx\/index.php\/wp-json\/wp\/v2\/posts"}],"about":[{"href":"https:\/\/politicosaldesnudo.com.mx\/index.php\/wp-json\/wp\/v2\/types\/post"}],"author":[{"embeddable":true,"href":"https:\/\/politicosaldesnudo.com.mx\/index.php\/wp-json\/wp\/v2\/users\/4"}],"replies":[{"embeddable":true,"href":"https:\/\/politicosaldesnudo.com.mx\/index.php\/wp-json\/wp\/v2\/comments?post=68647"}],"version-history":[{"count":0,"href":"https:\/\/politicosaldesnudo.com.mx\/index.php\/wp-json\/wp\/v2\/posts\/68647\/revisions"}],"wp:featuredmedia":[{"embeddable":true,"href":"https:\/\/politicosaldesnudo.com.mx\/index.php\/wp-json\/wp\/v2\/media\/68648"}],"wp:attachment":[{"href":"https:\/\/politicosaldesnudo.com.mx\/index.php\/wp-json\/wp\/v2\/media?parent=68647"}],"wp:term":[{"taxonomy":"category","embeddable":true,"href":"https:\/\/politicosaldesnudo.com.mx\/index.php\/wp-json\/wp\/v2\/categories?post=68647"},{"taxonomy":"post_tag","embeddable":true,"href":"https:\/\/politicosaldesnudo.com.mx\/index.php\/wp-json\/wp\/v2\/tags?post=68647"}],"curies":[{"name":"wp","href":"https:\/\/api.w.org\/{rel}","templated":true}]}}