{"id":68656,"date":"2025-08-13T00:06:21","date_gmt":"2025-08-13T06:06:21","guid":{"rendered":"https:\/\/politicosaldesnudo.com.mx\/?p=68656"},"modified":"2025-08-12T22:48:40","modified_gmt":"2025-08-13T04:48:40","slug":"afinan-ministros-electos-transicion-hacia-nueva-scjn","status":"publish","type":"post","link":"https:\/\/politicosaldesnudo.com.mx\/index.php\/2025\/08\/13\/afinan-ministros-electos-transicion-hacia-nueva-scjn\/","title":{"rendered":"Afinan ministros electos transici\u00f3n hacia nueva SCJN"},"content":{"rendered":"<p class=\"nota-justify\">Los ministros electos de la Suprema Corte de Justicia de la Naci\u00f3n (SCJN) definieron los horarios de las tres ceremonias que marcar\u00e1n su inicio de funciones el pr\u00f3ximo 1 de septiembre y, en paralelo, comenzaron el di\u00e1logo para seleccionar a tres de los cinco integrantes del reci\u00e9n creado \u00d3rgano de Administraci\u00f3n Judicial (OAJ), instancia clave que manejar\u00e1 la gesti\u00f3n operativa y presupuestal del Poder Judicial de la Federaci\u00f3n (PJF).<\/p>\n<p class=\"nota-justify\">En su tercera reuni\u00f3n de trabajo, realizada el pasado lunes, acompa\u00f1ados por sus equipos t\u00e9cnicos, acordaron que la entrega tradicional de bastones de mando se realizar\u00e1 a las 16:00 horas; la toma de protesta ante el Senado de la Rep\u00fablica est\u00e1 prevista para las 19:30 horas, y la sesi\u00f3n solemne de instalaci\u00f3n de la Corte tendr\u00e1 lugar a las 22:00 horas, inmediatamente despu\u00e9s de la ceremonia legislativa.<\/p>\n<p>En un comunicado, los futuros ministros tambi\u00e9n informaron que revisaron medidas para enfrentar la carga de trabajo que recibir\u00e1n el 1 de septiembre, entre ellas la distribuci\u00f3n de asuntos, la integraci\u00f3n de equipos, el redise\u00f1o de la Secretar\u00eda General de Acuerdos tras la desaparici\u00f3n de las Salas y la emisi\u00f3n de acuerdos generales que garanticen sesiones \u00e1giles y sustantivas. Tambi\u00e9n priorizaron la atenci\u00f3n a casos fiscales y penales dentro de los plazos constitucionales.<\/p>\n<p class=\"nota-justify\">En cuanto al \u00d3rgano de Administraci\u00f3n Judicial, iniciaron la evaluaci\u00f3n de perfiles y propuestas para su integraci\u00f3n, con el objetivo de decidir en las primeras sesiones de septiembre, ya que su funcionamiento ser\u00e1 indispensable para la operatividad de la nueva Corte.<\/p>\n<p class=\"nota-justify\">Los ministros electos reiteraron que buscan llegar al arranque de su gesti\u00f3n con las condiciones normativas e institucionales necesarias para garantizar el acceso efectivo a la justicia en beneficio de toda la sociedad.<\/p>\n","protected":false},"excerpt":{"rendered":"<p>Los ministros electos de la Suprema Corte de Justicia de la Naci\u00f3n (SCJN) definieron los horarios de las tres ceremonias<\/p>\n","protected":false},"author":4,"featured_media":68657,"comment_status":"closed","ping_status":"closed","sticky":false,"template":"","format":"standard","meta":{"colormag_page_container_layout":"default_layout","colormag_page_sidebar_layout":"default_layout","_jetpack_memberships_contains_paid_content":false,"footnotes":"","jetpack_publicize_message":"","jetpack_publicize_feature_enabled":true,"jetpack_social_post_already_shared":true,"jetpack_social_options":{"image_generator_settings":{"template":"highway","default_image_id":0,"font":"","enabled":false},"version":2}},"categories":[33],"tags":[],"class_list":["post-68656","post","type-post","status-publish","format-standard","has-post-thumbnail","hentry","category-nacional"],"jetpack_publicize_connections":[],"jetpack_featured_media_url":"https:\/\/i0.wp.com\/politicosaldesnudo.com.mx\/wp-content\/uploads\/2025\/08\/SJN.jpg?fit=761%2C561&ssl=1","jetpack-related-posts":[],"jetpack_sharing_enabled":true,"_links":{"self":[{"href":"https:\/\/politicosaldesnudo.com.mx\/index.php\/wp-json\/wp\/v2\/posts\/68656","targetHints":{"allow":["GET"]}}],"collection":[{"href":"https:\/\/politicosaldesnudo.com.mx\/index.php\/wp-json\/wp\/v2\/posts"}],"about":[{"href":"https:\/\/politicosaldesnudo.com.mx\/index.php\/wp-json\/wp\/v2\/types\/post"}],"author":[{"embeddable":true,"href":"https:\/\/politicosaldesnudo.com.mx\/index.php\/wp-json\/wp\/v2\/users\/4"}],"replies":[{"embeddable":true,"href":"https:\/\/politicosaldesnudo.com.mx\/index.php\/wp-json\/wp\/v2\/comments?post=68656"}],"version-history":[{"count":0,"href":"https:\/\/politicosaldesnudo.com.mx\/index.php\/wp-json\/wp\/v2\/posts\/68656\/revisions"}],"wp:featuredmedia":[{"embeddable":true,"href":"https:\/\/politicosaldesnudo.com.mx\/index.php\/wp-json\/wp\/v2\/media\/68657"}],"wp:attachment":[{"href":"https:\/\/politicosaldesnudo.com.mx\/index.php\/wp-json\/wp\/v2\/media?parent=68656"}],"wp:term":[{"taxonomy":"category","embeddable":true,"href":"https:\/\/politicosaldesnudo.com.mx\/index.php\/wp-json\/wp\/v2\/categories?post=68656"},{"taxonomy":"post_tag","embeddable":true,"href":"https:\/\/politicosaldesnudo.com.mx\/index.php\/wp-json\/wp\/v2\/tags?post=68656"}],"curies":[{"name":"wp","href":"https:\/\/api.w.org\/{rel}","templated":true}]}}