{"id":68662,"date":"2025-08-13T00:08:33","date_gmt":"2025-08-13T06:08:33","guid":{"rendered":"https:\/\/politicosaldesnudo.com.mx\/?p=68662"},"modified":"2025-08-12T22:53:42","modified_gmt":"2025-08-13T04:53:42","slug":"estiman-300-mil-migrantes-varados-en-mexico-durante-mandato-de-trump","status":"publish","type":"post","link":"https:\/\/politicosaldesnudo.com.mx\/index.php\/2025\/08\/13\/estiman-300-mil-migrantes-varados-en-mexico-durante-mandato-de-trump\/","title":{"rendered":"Estiman 300 mil migrantes varados en M\u00e9xico durante mandato de Trump"},"content":{"rendered":"<p class=\"nota-justify\">El gobierno del presidente Donald Trump ha instrumentado una pol\u00edtica migratoria \u201cdeshumanizante\u201d durante sus primeros seis meses de mandato, dejando a unos 300 mil migrantes varados en M\u00e9xico, en un \u201climbo legal y repetidos ciclos de violencia\u201d, de acuerdo con un informe de la organizaci\u00f3n internacional M\u00e9dicos Sin Fronteras (MSF).<\/p>\n<p class=\"nota-justify\">La expulsi\u00f3n y el retorno forzado de personas, detenciones \u201carbitrarias e ilegales\u201d, restricciones de movilidad y redadas son algunas de las \u201cmedidas de disuasi\u00f3n\u201d y \u201ct\u00e1cticas\u201d que se han intensificado para reforzar el control sobre los flujos migratorios, alert\u00f3.<\/p>\n<p class=\"nota-justify\">Tambi\u00e9n se ha llevado a cabo el desmantelamiento de campamentos y reuniones p\u00fablicas, el aumento de \u201cobst\u00e1culos burocr\u00e1ticos\u201d para los procedimientos de asilo y migraci\u00f3n, adem\u00e1s de la intensificaci\u00f3n de las medidas de patrullaje y seguridad.<\/p>\n<p class=\"nota-justify\">Al presentar este martes el estudio Rechazados. El devastador impacto humano de los cambios de la pol\u00edtica migratoria en Estados Unidos, M\u00e9xico y Am\u00e9rica Central, Henry Rodr\u00edguez, jefe de misi\u00f3n de MSF, apunt\u00f3 que estas medidas restrictivas han sido replicadas por gobiernos de la regi\u00f3n, ya sea por \u201csimpat\u00eda, influencia o presi\u00f3n\u201d por parte de Estados Unidos, lo que ha implicado un cambio \u201cdevastador\u201d y la \u201ccriminalizaci\u00f3n de \u201ctodos los migrantes\u201d y solicitantes de asilo.<\/p>\n<p class=\"nota-justify\">Tras el cierre de la aplicaci\u00f3n CBP One para solicitar asilo en Estados Unidos, el pasado 20 de enero, 30 mil personas que ten\u00edan cita y otras 270 mil que intentaban registrarse, se quedaron sin alternativas, \u201catrap\u00e1ndolos en un ciclo de violencia f\u00edsica, emocional e institucional\u201d, se\u00f1al\u00f3 Franking Fr\u00edas, subdirector de operaciones de MSF en M\u00e9xico y Centroam\u00e9rica.<\/p>\n<p class=\"nota-justify\">Agreg\u00f3 que mediante una \u201ccombinaci\u00f3n de pol\u00edticas econ\u00f3micas, junto con presi\u00f3n pol\u00edtica\u201d Estados Unidos \u201cest\u00e1 externalizando cada vez m\u00e1s sus responsabilidades de control fronterizo\u201d hacia M\u00e9xico y Am\u00e9rica Central. Por ejemplo, indic\u00f3, la asignaci\u00f3n de fondos a otros gobiernos para aplicar \u201ccontroles migratorios dentro de sus propias fronteras\u201d.<\/p>\n<p class=\"nota-justify\">Al comentar algunos de los principales hallazgos del estudio \u2013basado en una serie de entrevistas a decenas de pacientes de diferentes nacionalidades varados o en tr\u00e1nsito, en los recientes seis meses\u2013 Rodr\u00edguez detall\u00f3 que entre enero de 2024 y mayo de 2025 los equipos de MSF atendi\u00f3 a casi 3 mil v\u00edctimas y sobrevivientes de violencia sexual y brindaron 17 mil consultas individuales de salud mental a personas migrantes de M\u00e9xico, Guatemala, Honduras, Costa Rica y Panam\u00e1.<\/p>\n<p class=\"nota-justify\">La mayor\u00eda de las atenciones fueron por \u201ceventos violentos\u201d como tortura, secuestro, extorsi\u00f3n, robo, trabajo forzoso y explotaci\u00f3n sexual, esta \u00faltima se ha extendido por falta de oportunidades.<\/p>\n<p class=\"nota-justify\">Adem\u00e1s, en 2024 se trataron a casi 4 mil 500 v\u00edctimas de diferentes niveles de violencia, incluidas 403 v\u00edctimas de tortura y malos tratos. Tambi\u00e9n, se han brindado m\u00e1s de 90 mil consultas de salud primaria y 11 mil 850 de salud sexual y reproductiva.<\/p>\n<p class=\"nota-justify\">En el caso de M\u00e9xico, la pol\u00edtica de contenci\u00f3n se reforz\u00f3 con operativos para dispersar a migrantes, particularmente en ciudades como Tapachula, donde los migrantes experimentan episodios de ansiedad y estr\u00e9s porque no pueden o no quieren regresar a su pa\u00eds\u201d, Luc\u00eda Samayoa, coordinadora de proyecto de MSF en esa ciudad.<\/p>\n<p class=\"nota-justify\">Asimismo, los campamentos urbanos fueron desmantelados, empujando a las personas a rentar cuartos en zonas perif\u00e9ricas, a menudo controladas por el crimen organizado.<\/p>\n<p class=\"nota-justify\">Fr\u00edas se\u00f1al\u00f3 que a partir de febrero los pa\u00edses centroamericanos presenciaron un nuevo fen\u00f3meno llamado \u201cafluencia inversa\u201d, es decir que migrantes regresaron a destinos alternativos como Chile o Colombia a trav\u00e9s de nuevas rutas m\u00e1s peligrosas.<\/p>\n<p class=\"nota-justify\">Aunque algunos intentan establecerse temporalmente en otros pa\u00edses para ahorrar y reintentar el viaje.<\/p>\n<p class=\"nota-justify\">Para ellos, apunt\u00f3, ya no es opci\u00f3n retornar por la la regi\u00f3n de Dari\u00e9n, y \u201chan optado por intentar llegar y cruzar a trav\u00e9s del mar. \u201cDesafortunadamente, ya se han registrado naufragios y se han registrado muertes\u201d.<\/p>\n<p class=\"nota-justify\">La organizaci\u00f3n MSF inst\u00f3 a los gobiernos a que renuncien a las t\u00e1cticas de disuasi\u00f3n y abandono y, en su lugar, que garanticen el acceso al asilo, la atenci\u00f3n m\u00e9dica y la protecci\u00f3n a lo largo del corredor migratorio latinoamericano.<\/p>\n","protected":false},"excerpt":{"rendered":"<p>El gobierno del presidente Donald Trump ha instrumentado una pol\u00edtica migratoria \u201cdeshumanizante\u201d durante sus primeros seis meses de mandato, dejando<\/p>\n","protected":false},"author":4,"featured_media":68663,"comment_status":"closed","ping_status":"closed","sticky":false,"template":"","format":"standard","meta":{"colormag_page_container_layout":"default_layout","colormag_page_sidebar_layout":"default_layout","_jetpack_memberships_contains_paid_content":false,"footnotes":"","jetpack_publicize_message":"","jetpack_publicize_feature_enabled":true,"jetpack_social_post_already_shared":true,"jetpack_social_options":{"image_generator_settings":{"template":"highway","default_image_id":0,"font":"","enabled":false},"version":2}},"categories":[33],"tags":[],"class_list":["post-68662","post","type-post","status-publish","format-standard","has-post-thumbnail","hentry","category-nacional"],"jetpack_publicize_connections":[],"jetpack_featured_media_url":"https:\/\/i0.wp.com\/politicosaldesnudo.com.mx\/wp-content\/uploads\/2025\/08\/MIGR.jpg?fit=761%2C476&ssl=1","jetpack-related-posts":[],"jetpack_sharing_enabled":true,"_links":{"self":[{"href":"https:\/\/politicosaldesnudo.com.mx\/index.php\/wp-json\/wp\/v2\/posts\/68662","targetHints":{"allow":["GET"]}}],"collection":[{"href":"https:\/\/politicosaldesnudo.com.mx\/index.php\/wp-json\/wp\/v2\/posts"}],"about":[{"href":"https:\/\/politicosaldesnudo.com.mx\/index.php\/wp-json\/wp\/v2\/types\/post"}],"author":[{"embeddable":true,"href":"https:\/\/politicosaldesnudo.com.mx\/index.php\/wp-json\/wp\/v2\/users\/4"}],"replies":[{"embeddable":true,"href":"https:\/\/politicosaldesnudo.com.mx\/index.php\/wp-json\/wp\/v2\/comments?post=68662"}],"version-history":[{"count":0,"href":"https:\/\/politicosaldesnudo.com.mx\/index.php\/wp-json\/wp\/v2\/posts\/68662\/revisions"}],"wp:featuredmedia":[{"embeddable":true,"href":"https:\/\/politicosaldesnudo.com.mx\/index.php\/wp-json\/wp\/v2\/media\/68663"}],"wp:attachment":[{"href":"https:\/\/politicosaldesnudo.com.mx\/index.php\/wp-json\/wp\/v2\/media?parent=68662"}],"wp:term":[{"taxonomy":"category","embeddable":true,"href":"https:\/\/politicosaldesnudo.com.mx\/index.php\/wp-json\/wp\/v2\/categories?post=68662"},{"taxonomy":"post_tag","embeddable":true,"href":"https:\/\/politicosaldesnudo.com.mx\/index.php\/wp-json\/wp\/v2\/tags?post=68662"}],"curies":[{"name":"wp","href":"https:\/\/api.w.org\/{rel}","templated":true}]}}