{"id":68665,"date":"2025-08-13T00:09:58","date_gmt":"2025-08-13T06:09:58","guid":{"rendered":"https:\/\/politicosaldesnudo.com.mx\/?p=68665"},"modified":"2025-08-12T22:56:39","modified_gmt":"2025-08-13T04:56:39","slug":"recupera-profeco-277-mil-147-pesos-para-afectados-por-lluvias-en-el-aicm","status":"publish","type":"post","link":"https:\/\/politicosaldesnudo.com.mx\/index.php\/2025\/08\/13\/recupera-profeco-277-mil-147-pesos-para-afectados-por-lluvias-en-el-aicm\/","title":{"rendered":"Recupera Profeco 277 mil 147 pesos para afectados por lluvias en el AICM"},"content":{"rendered":"<p>Con corte a las 19 horas, la Procuradur\u00eda Federal del Consumidor (Profeco) inform\u00f3 que derivado de las afectaciones presentadas en el Aeropuerto Internacional de la Ciudad de M\u00e9xico ha brindado 135 asesor\u00edas por diferentes causas y 60 conciliaciones.<\/p>\n<p>De acuerdo con el organismo defensor de los consumidores, producto de estas acciones, hasta el momento ha logrado recuperar un monto de 277 mil 147.5 pesos a favor de clientes de las aerol\u00edneas que fueron afectados.<\/p>\n<p>De las asesor\u00edas, detall\u00f3, 81 fueron por cancelaci\u00f3n de vuelo, 15 por sobreventa, 12 por demora, 15 por p\u00e9rdida de vuelo, tres por falta de informaci\u00f3n, cinco por problemas con el check-in y cuatro por el peso del equipaje.<\/p>\n<p>En cuanto a las conciliaciones, 30 fueron por cancelaci\u00f3n de vuelo, cuatro por sobreventa, cuatro por p\u00e9rdida de vuelo, 16 por demora, dos por cambio de itinerario, tres por negativa a reembolso y una por cobro indebido.<\/p>\n<p>Este martes por segunda ocasi\u00f3n el\u00a0 (AICM) suspendi\u00f3 operaciones de despegue y aterrizajes la madrugada de este martes debido a las intensas lluvias en la capital del pa\u00eds.<\/p>\n","protected":false},"excerpt":{"rendered":"<p>Con corte a las 19 horas, la Procuradur\u00eda Federal del Consumidor (Profeco) inform\u00f3 que derivado de las afectaciones presentadas en<\/p>\n","protected":false},"author":4,"featured_media":68666,"comment_status":"closed","ping_status":"closed","sticky":false,"template":"","format":"standard","meta":{"colormag_page_container_layout":"default_layout","colormag_page_sidebar_layout":"default_layout","_jetpack_memberships_contains_paid_content":false,"footnotes":"","jetpack_publicize_message":"","jetpack_publicize_feature_enabled":true,"jetpack_social_post_already_shared":true,"jetpack_social_options":{"image_generator_settings":{"template":"highway","default_image_id":0,"font":"","enabled":false},"version":2}},"categories":[2050],"tags":[],"class_list":["post-68665","post","type-post","status-publish","format-standard","has-post-thumbnail","hentry","category-economia"],"jetpack_publicize_connections":[],"jetpack_featured_media_url":"https:\/\/i0.wp.com\/politicosaldesnudo.com.mx\/wp-content\/uploads\/2025\/08\/AERO.jpg?fit=761%2C571&ssl=1","jetpack-related-posts":[],"jetpack_sharing_enabled":true,"_links":{"self":[{"href":"https:\/\/politicosaldesnudo.com.mx\/index.php\/wp-json\/wp\/v2\/posts\/68665","targetHints":{"allow":["GET"]}}],"collection":[{"href":"https:\/\/politicosaldesnudo.com.mx\/index.php\/wp-json\/wp\/v2\/posts"}],"about":[{"href":"https:\/\/politicosaldesnudo.com.mx\/index.php\/wp-json\/wp\/v2\/types\/post"}],"author":[{"embeddable":true,"href":"https:\/\/politicosaldesnudo.com.mx\/index.php\/wp-json\/wp\/v2\/users\/4"}],"replies":[{"embeddable":true,"href":"https:\/\/politicosaldesnudo.com.mx\/index.php\/wp-json\/wp\/v2\/comments?post=68665"}],"version-history":[{"count":0,"href":"https:\/\/politicosaldesnudo.com.mx\/index.php\/wp-json\/wp\/v2\/posts\/68665\/revisions"}],"wp:featuredmedia":[{"embeddable":true,"href":"https:\/\/politicosaldesnudo.com.mx\/index.php\/wp-json\/wp\/v2\/media\/68666"}],"wp:attachment":[{"href":"https:\/\/politicosaldesnudo.com.mx\/index.php\/wp-json\/wp\/v2\/media?parent=68665"}],"wp:term":[{"taxonomy":"category","embeddable":true,"href":"https:\/\/politicosaldesnudo.com.mx\/index.php\/wp-json\/wp\/v2\/categories?post=68665"},{"taxonomy":"post_tag","embeddable":true,"href":"https:\/\/politicosaldesnudo.com.mx\/index.php\/wp-json\/wp\/v2\/tags?post=68665"}],"curies":[{"name":"wp","href":"https:\/\/api.w.org\/{rel}","templated":true}]}}