{"id":68668,"date":"2025-08-13T00:10:15","date_gmt":"2025-08-13T06:10:15","guid":{"rendered":"https:\/\/politicosaldesnudo.com.mx\/?p=68668"},"modified":"2025-08-12T22:58:44","modified_gmt":"2025-08-13T04:58:44","slug":"ante-aranceles-xi-y-lula-llaman-a-defender-el-multilateralismo-mediante-el-brics","status":"publish","type":"post","link":"https:\/\/politicosaldesnudo.com.mx\/index.php\/2025\/08\/13\/ante-aranceles-xi-y-lula-llaman-a-defender-el-multilateralismo-mediante-el-brics\/","title":{"rendered":"Ante aranceles, Xi y Lula llaman a defender el multilateralismo mediante el BRICS"},"content":{"rendered":"<p class=\"nota-justify\">En medio del aumento de aranceles por parte de Estados Unidos, los presidentes Luiz In\u00e1cio Lula da Silva, de Brasil, y Xi Jinping, de China, tuvieron una conversaci\u00f3n telef\u00f3nica en la que se comprometieron a \u201cdefender el multilateralismo\u201d en el G20 y los BRICS, inform\u00f3 el gobierno brasile\u00f1o en un comunicado.<\/p>\n<p class=\"nota-justify\">La llamada dur\u00f3 aproximadamente una hora y ocurri\u00f3 pocas horas despu\u00e9s de que el presidente estadunidense, Donald Trump, extendiera la tregua arancelaria a China por 90 d\u00edas m\u00e1s.<\/p>\n<p class=\"nota-justify\">Adem\u00e1s, el di\u00e1logo se suma a los que ya hab\u00eda tenido en d\u00edas pasados Lula tanto con el presidente ruso,Vlad\u00edmir Putin, como con el primer ministro de India, Narendra Modi. Todos ellos integrantes del BRICS.<\/p>\n<p class=\"nota-justify\">Este martes Lula anunci\u00f3 ayudas por unos cinco mil 500 millones de d\u00f3lares a empresas golpeadas por los aranceles de Donald Trump.<\/p>\n<p class=\"nota-justify\">Seg\u00fan fuentes oficiales, Lula y Xi abordaron la situaci\u00f3n internacional actual, los esfuerzos de paz entre Rusia y Ucrania, y la importancia del G20 y el BRICS en la defensa del multilateralismo.<\/p>\n<p class=\"nota-justify\">El mandatario chino subray\u00f3 que \u201ctodos los pa\u00edses deben unirse y oponerse con claridad al unilateralismo y al proteccionismo\u201d y que \u201cel mecanismo de los BRICS es una importante plataforma para consolidar el consenso entre los pa\u00edses del Sur Global\u201d que deben trabajar juntos para \u201csalvaguardar la equidad y la justicia internacionales, las normas b\u00e1sicas que rigen las relaciones internacionales y los derechos e intereses leg\u00edtimos de los pa\u00edses en desarrollo\u201d.<\/p>\n<div id=\"article-content-tts\" class=\"nota-contenido mb-5\">\n<div id=\"content_nitf\">\n<p class=\"nota-justify\">Adicionalmente asegur\u00f3 China respalda a Brasil en la defensa de la soberan\u00eda nacional.<\/p>\n<p class=\"nota-justify\">Mientras que Lula elogi\u00f3 los esfuerzos de China por adherirse al multilateralismo y salvaguardar las normas de libre comercio.<\/p>\n<p class=\"nota-justify\">La parte brasile\u00f1a est\u00e1 lista para reforzar la comunicaci\u00f3n y la coordinaci\u00f3n con China en mecanismos multilaterales como el BRICS, oponerse a las pr\u00e1cticas de intimidaci\u00f3n unilateral y defender los intereses comunes de todos los pa\u00edses, coment\u00f3 Lula.<\/p>\n<p class=\"nota-justify\">Ambos pa\u00edses se comprometieron a ampliar la cooperaci\u00f3n en sectores como la salud, el petr\u00f3leo y el gas, la econom\u00eda digital y los sat\u00e9lites, as\u00ed como a identificar nuevas oportunidades de negocio.<\/p>\n<p class=\"nota-justify\">El di\u00e1logo aflor\u00f3 despu\u00e9s de que el s\u00e1bado Lula tuviera una llamada telef\u00f3nica con Putin, que incluy\u00f3 el fortalecimiento del BRICS.<\/p>\n<p class=\"nota-justify\">El jueves, Lula tambi\u00e9n hab\u00eda tenido una conversaci\u00f3n telef\u00f3nica con el primer ministro de India, y acordaron \u201cdefender el multilateralismo\u201d, luego de que Estados Unidos impuso a sus pa\u00edses aranceles de 50 por ciento.<\/p>\n<p class=\"nota-justify\">Un d\u00eda antes, el mi\u00e9rcoles, el jefe de Estado de Brasil hab\u00eda dicho que no anunciar\u00eda aranceles rec\u00edprocos de manera inmediata, respecto al incremento de 50 por ciento en los grav\u00e1menes impuestos por Estados Unidos a productos nacionales.<\/p>\n<p class=\"nota-justify\">En cambio, adelant\u00f3 que contactar\u00eda a los l\u00edderes de los pa\u00edses del bloque para evaluar una respuesta conjunta. \u201cA\u00fan no hay coordinaci\u00f3n en el BRICS, pero la habr\u00e1\u201d, se\u00f1al\u00f3 el exdirigente obrero.<\/p>\n<\/div>\n<\/div>\n<div class=\"notas-relacionadas\"><\/div>\n<div class=\"nota-tags\"><\/div>\n","protected":false},"excerpt":{"rendered":"<p>En medio del aumento de aranceles por parte de Estados Unidos, los presidentes Luiz In\u00e1cio Lula da Silva, de Brasil,<\/p>\n","protected":false},"author":4,"featured_media":68669,"comment_status":"closed","ping_status":"closed","sticky":false,"template":"","format":"standard","meta":{"colormag_page_container_layout":"default_layout","colormag_page_sidebar_layout":"default_layout","_jetpack_memberships_contains_paid_content":false,"footnotes":"","jetpack_publicize_message":"","jetpack_publicize_feature_enabled":true,"jetpack_social_post_already_shared":true,"jetpack_social_options":{"image_generator_settings":{"template":"highway","default_image_id":0,"font":"","enabled":false},"version":2}},"categories":[2050],"tags":[],"class_list":["post-68668","post","type-post","status-publish","format-standard","has-post-thumbnail","hentry","category-economia"],"jetpack_publicize_connections":[],"jetpack_featured_media_url":"https:\/\/i0.wp.com\/politicosaldesnudo.com.mx\/wp-content\/uploads\/2025\/08\/BRI-1.jpg?fit=763%2C521&ssl=1","jetpack-related-posts":[],"jetpack_sharing_enabled":true,"_links":{"self":[{"href":"https:\/\/politicosaldesnudo.com.mx\/index.php\/wp-json\/wp\/v2\/posts\/68668","targetHints":{"allow":["GET"]}}],"collection":[{"href":"https:\/\/politicosaldesnudo.com.mx\/index.php\/wp-json\/wp\/v2\/posts"}],"about":[{"href":"https:\/\/politicosaldesnudo.com.mx\/index.php\/wp-json\/wp\/v2\/types\/post"}],"author":[{"embeddable":true,"href":"https:\/\/politicosaldesnudo.com.mx\/index.php\/wp-json\/wp\/v2\/users\/4"}],"replies":[{"embeddable":true,"href":"https:\/\/politicosaldesnudo.com.mx\/index.php\/wp-json\/wp\/v2\/comments?post=68668"}],"version-history":[{"count":0,"href":"https:\/\/politicosaldesnudo.com.mx\/index.php\/wp-json\/wp\/v2\/posts\/68668\/revisions"}],"wp:featuredmedia":[{"embeddable":true,"href":"https:\/\/politicosaldesnudo.com.mx\/index.php\/wp-json\/wp\/v2\/media\/68669"}],"wp:attachment":[{"href":"https:\/\/politicosaldesnudo.com.mx\/index.php\/wp-json\/wp\/v2\/media?parent=68668"}],"wp:term":[{"taxonomy":"category","embeddable":true,"href":"https:\/\/politicosaldesnudo.com.mx\/index.php\/wp-json\/wp\/v2\/categories?post=68668"},{"taxonomy":"post_tag","embeddable":true,"href":"https:\/\/politicosaldesnudo.com.mx\/index.php\/wp-json\/wp\/v2\/tags?post=68668"}],"curies":[{"name":"wp","href":"https:\/\/api.w.org\/{rel}","templated":true}]}}