{"id":6867,"date":"2022-06-23T15:54:43","date_gmt":"2022-06-23T20:54:43","guid":{"rendered":"https:\/\/politicosaldesnudo.com.mx\/?p=6867"},"modified":"2022-06-23T16:47:35","modified_gmt":"2022-06-23T21:47:35","slug":"su-nombre-sonaba-fuerte-garcia-harfuch-no-va-por-jefatura-de-la-cdmx","status":"publish","type":"post","link":"https:\/\/politicosaldesnudo.com.mx\/index.php\/2022\/06\/23\/su-nombre-sonaba-fuerte-garcia-harfuch-no-va-por-jefatura-de-la-cdmx\/","title":{"rendered":"Su nombre sonaba fuerte, Garc\u00eda Harfuch no va por Jefatura de la Cdmx"},"content":{"rendered":"<p class=\"p1\"><span style=\"font-size: 14pt;\"><em><strong>Ciudad de M\u00e9xico.<\/strong><\/em> Rechaza el <strong>secretario de Seguridad Ciudadana<\/strong>, <strong>Omar Garc\u00eda Harfuch<\/strong> buscar la candidatura para la Jefatura de Gobierno de la Ciudad de M\u00e9xico en las elecciones de 2024.<\/span><\/p>\n<p class=\"p1\"><span style=\"font-size: 18pt;\"><strong>Y es que en el Encuentro entre Autoridades de la Ciudad de M\u00e9xico y Representantes del Observatorio de Seguridad Ciudadana, Omar Garc\u00eda Harfuch se\u00f1al\u00f3 que \u201cser\u00eda muy malo\u201d tener a las personas encargadas de la seguridad, pensando en otra cosa que no sea la seguridad de la capital.<\/strong><\/span><\/p>\n<p>&nbsp;<\/p>\n<p><img data-recalc-dims=\"1\" loading=\"lazy\" decoding=\"async\" class=\"aligncenter wp-image-6870 size-large\" src=\"https:\/\/i0.wp.com\/politicosaldesnudo.com.mx\/wp-content\/uploads\/2022\/06\/P-GARCI%CC%81A-HARFUCH4-1024x573.png?resize=800%2C448&#038;ssl=1\" alt=\"\" width=\"800\" height=\"448\" srcset=\"https:\/\/i0.wp.com\/politicosaldesnudo.com.mx\/wp-content\/uploads\/2022\/06\/P-GARCI%CC%81A-HARFUCH4.png?resize=1024%2C573&amp;ssl=1 1024w, https:\/\/i0.wp.com\/politicosaldesnudo.com.mx\/wp-content\/uploads\/2022\/06\/P-GARCI%CC%81A-HARFUCH4.png?resize=300%2C168&amp;ssl=1 300w, https:\/\/i0.wp.com\/politicosaldesnudo.com.mx\/wp-content\/uploads\/2022\/06\/P-GARCI%CC%81A-HARFUCH4.png?resize=768%2C430&amp;ssl=1 768w, https:\/\/i0.wp.com\/politicosaldesnudo.com.mx\/wp-content\/uploads\/2022\/06\/P-GARCI%CC%81A-HARFUCH4.png?resize=1536%2C859&amp;ssl=1 1536w, https:\/\/i0.wp.com\/politicosaldesnudo.com.mx\/wp-content\/uploads\/2022\/06\/P-GARCI%CC%81A-HARFUCH4.png?w=1816&amp;ssl=1 1816w, https:\/\/i0.wp.com\/politicosaldesnudo.com.mx\/wp-content\/uploads\/2022\/06\/P-GARCI%CC%81A-HARFUCH4.png?w=1600&amp;ssl=1 1600w\" sizes=\"auto, (max-width: 800px) 100vw, 800px\" \/><\/p>\n<p>&nbsp;<\/p>\n<blockquote>\n<p class=\"p1\"><span style=\"font-size: 14pt;\">No. Siempre lo hemos dicho, qu\u00e9 bueno que est\u00e1 aqu\u00ed todo nuestro equipo, aqu\u00ed ustedes tienen a todo el equipo, desde la subsecretaria Marcela al subsecretario M\u00e1ximo, subsecretario Morena, todo el equipo que estamos aqu\u00ed, estamos dedicados a una cosa\u201d<\/span><\/p>\n<\/blockquote>\n<p class=\"p1\"><strong><span style=\"font-size: 18pt;\">Omar Garc\u00eda Harfuch dej\u00f3 en claro que todo su equipo est\u00e1 trabajando para la dependencia y no pensando en cuestiones pol\u00edticas.<\/span><\/strong><\/p>\n<blockquote>\n<p class=\"p1\"><span style=\"font-size: 14pt;\">Todos estamos trabajando para una cosa: para la Secretar\u00eda. Creo que para la ciudad ser\u00eda muy malo tener a las personas encargadas de la seguridad pensando en otra cosa que no sea la seguridad de la Ciudad\u201d<\/span><\/p>\n<\/blockquote>\n<p>&nbsp;<\/p>\n<p><img data-recalc-dims=\"1\" loading=\"lazy\" decoding=\"async\" class=\"aligncenter wp-image-6869 size-large\" src=\"https:\/\/i0.wp.com\/politicosaldesnudo.com.mx\/wp-content\/uploads\/2022\/06\/P-GARCI%CC%81A-HARFUCH2-1024x573.png?resize=800%2C448&#038;ssl=1\" alt=\"\" width=\"800\" height=\"448\" srcset=\"https:\/\/i0.wp.com\/politicosaldesnudo.com.mx\/wp-content\/uploads\/2022\/06\/P-GARCI%CC%81A-HARFUCH2.png?resize=1024%2C573&amp;ssl=1 1024w, https:\/\/i0.wp.com\/politicosaldesnudo.com.mx\/wp-content\/uploads\/2022\/06\/P-GARCI%CC%81A-HARFUCH2.png?resize=300%2C168&amp;ssl=1 300w, https:\/\/i0.wp.com\/politicosaldesnudo.com.mx\/wp-content\/uploads\/2022\/06\/P-GARCI%CC%81A-HARFUCH2.png?resize=768%2C430&amp;ssl=1 768w, https:\/\/i0.wp.com\/politicosaldesnudo.com.mx\/wp-content\/uploads\/2022\/06\/P-GARCI%CC%81A-HARFUCH2.png?resize=1536%2C859&amp;ssl=1 1536w, https:\/\/i0.wp.com\/politicosaldesnudo.com.mx\/wp-content\/uploads\/2022\/06\/P-GARCI%CC%81A-HARFUCH2.png?w=1816&amp;ssl=1 1816w, https:\/\/i0.wp.com\/politicosaldesnudo.com.mx\/wp-content\/uploads\/2022\/06\/P-GARCI%CC%81A-HARFUCH2.png?w=1600&amp;ssl=1 1600w\" sizes=\"auto, (max-width: 800px) 100vw, 800px\" \/><\/p>\n<p>&nbsp;<\/p>\n<p class=\"p1\"><span style=\"font-size: 18pt;\"><strong>CON PUNTOS ARRIBA<\/strong><\/span><\/p>\n<p class=\"p1\"><span style=\"font-size: 18pt;\"><strong>Analistas pol\u00edticos ya manejaban el nombre de\u00a0Omar Garc\u00eda Harfuch\u00a0en los \u00faltimos meses comenz\u00f3 a tomar fuerza para ser el\u00a0posible candidato de Morena a la Jefatura de Gobierno de la Ciudad de M\u00e9xico en 2014.<\/strong><\/span><\/p>\n<p class=\"p1\"><span style=\"font-size: 18pt;\"><strong>Se\u00f1alaron que\u00a0Morena buscaba \u201cperfiles frescos\u201d que \u201cconectaran\u201d con los ciudadanos y as\u00ed, poder recuperar los votos perdidos en 2021.<\/strong><\/span><\/p>\n<p class=\"p1\"><span style=\"font-size: 18pt;\"><strong>Adem\u00e1s del jefe de la polic\u00eda capitalina, tambi\u00e9n se ha \u201cdestapado\u201d a la actual secretaria de Seguridad federal, Rosa Icela Rodr\u00edguez, quien adem\u00e1s form\u00f3 parte del gabinete de Claudia Sheinbaum en el Gobierno de la Ciudad de M\u00e9xico. Incluso el propio presidente Andr\u00e9s Manuel L\u00f3pez Obrador palome\u00f3 su posible candidatura, quien ser\u00eda finalmente la elegida, gracias al apoyo de Sheinbaum y L\u00f3pez Obrador, dejando fuera de la contienda a\u00a0<\/strong><\/span><span style=\"font-size: 18pt;\"><strong>Clara Brugada y Mart\u00ed Batres.<\/strong><\/span><\/p>\n<p>&nbsp;<\/p>\n<p><img data-recalc-dims=\"1\" loading=\"lazy\" decoding=\"async\" class=\"aligncenter wp-image-6871 size-large\" src=\"https:\/\/i0.wp.com\/politicosaldesnudo.com.mx\/wp-content\/uploads\/2022\/06\/P-GARCI%CC%81A-HARFUCH5-1024x573.png?resize=800%2C448&#038;ssl=1\" alt=\"\" width=\"800\" height=\"448\" srcset=\"https:\/\/i0.wp.com\/politicosaldesnudo.com.mx\/wp-content\/uploads\/2022\/06\/P-GARCI%CC%81A-HARFUCH5.png?resize=1024%2C573&amp;ssl=1 1024w, https:\/\/i0.wp.com\/politicosaldesnudo.com.mx\/wp-content\/uploads\/2022\/06\/P-GARCI%CC%81A-HARFUCH5.png?resize=300%2C168&amp;ssl=1 300w, https:\/\/i0.wp.com\/politicosaldesnudo.com.mx\/wp-content\/uploads\/2022\/06\/P-GARCI%CC%81A-HARFUCH5.png?resize=768%2C430&amp;ssl=1 768w, https:\/\/i0.wp.com\/politicosaldesnudo.com.mx\/wp-content\/uploads\/2022\/06\/P-GARCI%CC%81A-HARFUCH5.png?resize=1536%2C859&amp;ssl=1 1536w, https:\/\/i0.wp.com\/politicosaldesnudo.com.mx\/wp-content\/uploads\/2022\/06\/P-GARCI%CC%81A-HARFUCH5.png?w=1816&amp;ssl=1 1816w, https:\/\/i0.wp.com\/politicosaldesnudo.com.mx\/wp-content\/uploads\/2022\/06\/P-GARCI%CC%81A-HARFUCH5.png?w=1600&amp;ssl=1 1600w\" sizes=\"auto, (max-width: 800px) 100vw, 800px\" \/><\/p>\n<p>&nbsp;<\/p>\n<p>&nbsp;<\/p>\n<p>&nbsp;<\/p>\n<p>&nbsp;<\/p>\n","protected":false},"excerpt":{"rendered":"<p>Ciudad de M\u00e9xico. Rechaza el secretario de Seguridad Ciudadana, Omar Garc\u00eda Harfuch buscar la candidatura para la Jefatura de Gobierno<\/p>\n","protected":false},"author":4,"featured_media":6868,"comment_status":"closed","ping_status":"closed","sticky":false,"template":"","format":"standard","meta":{"colormag_page_container_layout":"default_layout","colormag_page_sidebar_layout":"default_layout","_jetpack_memberships_contains_paid_content":false,"footnotes":"","jetpack_publicize_message":"","jetpack_publicize_feature_enabled":true,"jetpack_social_post_already_shared":false,"jetpack_social_options":{"image_generator_settings":{"template":"highway","default_image_id":0,"font":"","enabled":false},"version":2}},"categories":[30],"tags":[423,1012,1010,1011],"class_list":["post-6867","post","type-post","status-publish","format-standard","has-post-thumbnail","hentry","category-estados","tag-ciudad-de-mexico","tag-jefatura-de-gobierno","tag-omar-garcia-harfuch","tag-secretario-de-seguridad-ciudadana"],"jetpack_publicize_connections":[],"jetpack_featured_media_url":"https:\/\/i0.wp.com\/politicosaldesnudo.com.mx\/wp-content\/uploads\/2022\/06\/P-GARCI%CC%81A-HARFUCH1.png?fit=1816%2C1016&ssl=1","jetpack-related-posts":[],"jetpack_sharing_enabled":true,"_links":{"self":[{"href":"https:\/\/politicosaldesnudo.com.mx\/index.php\/wp-json\/wp\/v2\/posts\/6867","targetHints":{"allow":["GET"]}}],"collection":[{"href":"https:\/\/politicosaldesnudo.com.mx\/index.php\/wp-json\/wp\/v2\/posts"}],"about":[{"href":"https:\/\/politicosaldesnudo.com.mx\/index.php\/wp-json\/wp\/v2\/types\/post"}],"author":[{"embeddable":true,"href":"https:\/\/politicosaldesnudo.com.mx\/index.php\/wp-json\/wp\/v2\/users\/4"}],"replies":[{"embeddable":true,"href":"https:\/\/politicosaldesnudo.com.mx\/index.php\/wp-json\/wp\/v2\/comments?post=6867"}],"version-history":[{"count":0,"href":"https:\/\/politicosaldesnudo.com.mx\/index.php\/wp-json\/wp\/v2\/posts\/6867\/revisions"}],"wp:featuredmedia":[{"embeddable":true,"href":"https:\/\/politicosaldesnudo.com.mx\/index.php\/wp-json\/wp\/v2\/media\/6868"}],"wp:attachment":[{"href":"https:\/\/politicosaldesnudo.com.mx\/index.php\/wp-json\/wp\/v2\/media?parent=6867"}],"wp:term":[{"taxonomy":"category","embeddable":true,"href":"https:\/\/politicosaldesnudo.com.mx\/index.php\/wp-json\/wp\/v2\/categories?post=6867"},{"taxonomy":"post_tag","embeddable":true,"href":"https:\/\/politicosaldesnudo.com.mx\/index.php\/wp-json\/wp\/v2\/tags?post=6867"}],"curies":[{"name":"wp","href":"https:\/\/api.w.org\/{rel}","templated":true}]}}