{"id":68671,"date":"2025-08-13T00:11:43","date_gmt":"2025-08-13T06:11:43","guid":{"rendered":"https:\/\/politicosaldesnudo.com.mx\/?p=68671"},"modified":"2025-08-12T23:01:02","modified_gmt":"2025-08-13T05:01:02","slug":"aun-pendiente-declaracion-conjunta-sobre-aranceles-entre-la-ue-y-eu","status":"publish","type":"post","link":"https:\/\/politicosaldesnudo.com.mx\/index.php\/2025\/08\/13\/aun-pendiente-declaracion-conjunta-sobre-aranceles-entre-la-ue-y-eu\/","title":{"rendered":"A\u00fan pendiente declaraci\u00f3n conjunta sobre aranceles entre la UE y EU"},"content":{"rendered":"<p class=\"nota-justify\">La Uni\u00f3n Europea (UE) no sabe a\u00fan cu\u00e1ndo estar\u00e1 lista una declaraci\u00f3n conjunta sobre aranceles con Estados Unidos ni cu\u00e1ndo emitir\u00e1 la Casa Blanca un decreto sobre los derechos de importaci\u00f3n de autom\u00f3viles europeos, dijo el martes un portavoz.<\/p>\n<p class=\"nota-justify\">La UE y Estados Unidos alcanzaron un acuerdo comercial marco a fines de julio, pero hasta la semana pasada s\u00f3lo hab\u00eda entrado en vigor el arancel b\u00e1sico de 15 por ciento sobre las exportaciones europeas.<\/p>\n<p class=\"nota-justify\">Funcionarios comunitarios dijeron previamente que habr\u00eda una declaraci\u00f3n conjunta \u201cmuy pronto\u201d tras el acuerdo, junto con las \u00f3rdenes ejecutivas del presidente de Estados Unidos, Donald Trump, sobre los recortes clave.<\/p>\n<p class=\"nota-justify\">\u201cEs un acuerdo que consideramos s\u00f3lido y el mejor que pod\u00edamos tener (&#8230;). Por supuesto, esperamos que Estados Unidos tome medidas adicionales que formen parte de este acuerdo, pero no creo que en este momento podamos fijar un calendario para estos compromisos\u201d, dijo el portavoz de la Comisi\u00f3n Europea.<\/p>\n<p class=\"nota-justify\">Las excepciones incluyen una reducci\u00f3n del arancel estadunidense actual de 27.5 por ciento sobre los veh\u00edculos y piezas de autom\u00f3viles de la UE a 15 por ciento.<\/p>\n<p class=\"nota-justify\">Aunque los aranceles sobre productos farmac\u00e9uticos y semiconductores son actualmente nulos, si aumentan como consecuencia de una investigaci\u00f3n estadunidense sobre las importaciones de esos productos, Trump asegur\u00f3 que no superar\u00edan el l\u00edmite de 15 por ciento.<\/p>\n<p class=\"nota-justify\">Como parte del acuerdo, la UE y Estados Unidos a\u00fan est\u00e1n ultimando una lista de productos cuyos aranceles se reducir\u00edan a cero en ambos lados, como los aviones, mientras que otros volver\u00edan a una tasa de naci\u00f3n m\u00e1s favorecida mucho m\u00e1s baja. Por otra parte, se espera que las negociaciones sobre los tipos aplicables a las bebidas espirituosas y el vino se prolonguen hasta el oto\u00f1o.<\/p>\n<p class=\"nota-justify\">Europa a\u00fan se enfrenta a aranceles de 50 por ciento sobre las exportaciones de acero y aluminio a Estados Unidos, pero ambas partes han acordado establecer un sistema de cuotas y una \u201calianza de metales\u201d que m\u00e1s adelante reducir\u00eda las tasas.<\/p>\n<p class=\"nota-justify\">Mientras tanto, sin embargo, las fundiciones de la UE est\u00e1n bajo presi\u00f3n, ya que los aranceles estadunidenses han provocado un aumento de las exportaciones de su principal insumo, la chatarra.<\/p>\n","protected":false},"excerpt":{"rendered":"<p>La Uni\u00f3n Europea (UE) no sabe a\u00fan cu\u00e1ndo estar\u00e1 lista una declaraci\u00f3n conjunta sobre aranceles con Estados Unidos ni cu\u00e1ndo<\/p>\n","protected":false},"author":4,"featured_media":68672,"comment_status":"closed","ping_status":"closed","sticky":false,"template":"","format":"standard","meta":{"colormag_page_container_layout":"default_layout","colormag_page_sidebar_layout":"default_layout","_jetpack_memberships_contains_paid_content":false,"footnotes":"","jetpack_publicize_message":"","jetpack_publicize_feature_enabled":true,"jetpack_social_post_already_shared":true,"jetpack_social_options":{"image_generator_settings":{"template":"highway","default_image_id":0,"font":"","enabled":false},"version":2}},"categories":[2050],"tags":[],"class_list":["post-68671","post","type-post","status-publish","format-standard","has-post-thumbnail","hentry","category-economia"],"jetpack_publicize_connections":[],"jetpack_featured_media_url":"https:\/\/i0.wp.com\/politicosaldesnudo.com.mx\/wp-content\/uploads\/2025\/08\/ARA.jpg?fit=769%2C513&ssl=1","jetpack-related-posts":[],"jetpack_sharing_enabled":true,"_links":{"self":[{"href":"https:\/\/politicosaldesnudo.com.mx\/index.php\/wp-json\/wp\/v2\/posts\/68671","targetHints":{"allow":["GET"]}}],"collection":[{"href":"https:\/\/politicosaldesnudo.com.mx\/index.php\/wp-json\/wp\/v2\/posts"}],"about":[{"href":"https:\/\/politicosaldesnudo.com.mx\/index.php\/wp-json\/wp\/v2\/types\/post"}],"author":[{"embeddable":true,"href":"https:\/\/politicosaldesnudo.com.mx\/index.php\/wp-json\/wp\/v2\/users\/4"}],"replies":[{"embeddable":true,"href":"https:\/\/politicosaldesnudo.com.mx\/index.php\/wp-json\/wp\/v2\/comments?post=68671"}],"version-history":[{"count":0,"href":"https:\/\/politicosaldesnudo.com.mx\/index.php\/wp-json\/wp\/v2\/posts\/68671\/revisions"}],"wp:featuredmedia":[{"embeddable":true,"href":"https:\/\/politicosaldesnudo.com.mx\/index.php\/wp-json\/wp\/v2\/media\/68672"}],"wp:attachment":[{"href":"https:\/\/politicosaldesnudo.com.mx\/index.php\/wp-json\/wp\/v2\/media?parent=68671"}],"wp:term":[{"taxonomy":"category","embeddable":true,"href":"https:\/\/politicosaldesnudo.com.mx\/index.php\/wp-json\/wp\/v2\/categories?post=68671"},{"taxonomy":"post_tag","embeddable":true,"href":"https:\/\/politicosaldesnudo.com.mx\/index.php\/wp-json\/wp\/v2\/tags?post=68671"}],"curies":[{"name":"wp","href":"https:\/\/api.w.org\/{rel}","templated":true}]}}