{"id":68677,"date":"2025-08-13T00:13:58","date_gmt":"2025-08-13T06:13:58","guid":{"rendered":"https:\/\/politicosaldesnudo.com.mx\/?p=68677"},"modified":"2025-08-12T23:06:20","modified_gmt":"2025-08-13T05:06:20","slug":"incendio-forestal-consume-950-hectareas-en-parque-nacional-de-ensenada","status":"publish","type":"post","link":"https:\/\/politicosaldesnudo.com.mx\/index.php\/2025\/08\/13\/incendio-forestal-consume-950-hectareas-en-parque-nacional-de-ensenada\/","title":{"rendered":"Incendio forestal consume 950 hect\u00e1reas en parque nacional de Ensenada"},"content":{"rendered":"<p>Un incendio forestal en el Parque Nacional Sierra de San Pedro M\u00e1rtir en Ensenada ha afectado 950 hect\u00e1reas de vegetaci\u00f3n.<\/p>\n<p>Reportes de la Comisi\u00f3n Nacional Forestal especificaron que el siniestro se produjo en el complejo San Pedro M\u00e1rtir, conformado por cuatro ramas de la zona serrana.<\/p>\n<p>De manera preventiva, el parque limit\u00f3 el acceso a visitantes de forma temporal, mientras se realizan las labores de control del fuego, hasta que las condiciones permitan reabrir con seguridad, por lo que pidi\u00f3 a los ciudadanos evitar el ingreso a la zona, respetar los cierres temporales y atender las indicaciones de las autoridades.<\/p>\n<p>Un equipo de 34 elementos de la Conafor, la Secretar\u00eda de la Defensa Nacional, Guardia Nacional, la Coordinaci\u00f3n Estatal de Protecci\u00f3n Civil y la Secretar\u00eda de Agricultura y Desarrollo Rural de Baja California, combaten las llamas.<\/p>\n<p>Adem\u00e1s participa personal de las brigadas San Pedro M\u00e1rtir y Carmen Serd\u00e1n, as\u00ed como del Proyecto C\u00f3ndor en acciones orientadas a contener la propagaci\u00f3n, establecer y reforzar l\u00edneas de control y mantener vigilancia estrat\u00e9gica.<\/p>\n<p>Tambi\u00e9n se utiliza un helic\u00f3ptero de Protecci\u00f3n Civil para hacer reconocimientos a\u00e9reos, movilizar brigadistas a zonas de dif\u00edcil acceso, descargas a\u00e9reas y apoyo t\u00e1ctico a las operaciones terrestres, con el fin de acelerar la contenci\u00f3n y reducir riesgos para el personal en campo.<\/p>\n","protected":false},"excerpt":{"rendered":"<p>Un incendio forestal en el Parque Nacional Sierra de San Pedro M\u00e1rtir en Ensenada ha afectado 950 hect\u00e1reas de vegetaci\u00f3n.<\/p>\n","protected":false},"author":4,"featured_media":68678,"comment_status":"closed","ping_status":"closed","sticky":false,"template":"","format":"standard","meta":{"colormag_page_container_layout":"default_layout","colormag_page_sidebar_layout":"default_layout","_jetpack_memberships_contains_paid_content":false,"footnotes":"","jetpack_publicize_message":"","jetpack_publicize_feature_enabled":true,"jetpack_social_post_already_shared":true,"jetpack_social_options":{"image_generator_settings":{"template":"highway","default_image_id":0,"font":"","enabled":false},"version":2}},"categories":[30],"tags":[],"class_list":["post-68677","post","type-post","status-publish","format-standard","has-post-thumbnail","hentry","category-estados"],"jetpack_publicize_connections":[],"jetpack_featured_media_url":"https:\/\/i0.wp.com\/politicosaldesnudo.com.mx\/wp-content\/uploads\/2025\/08\/ELI.jpg?fit=769%2C497&ssl=1","jetpack-related-posts":[],"jetpack_sharing_enabled":true,"_links":{"self":[{"href":"https:\/\/politicosaldesnudo.com.mx\/index.php\/wp-json\/wp\/v2\/posts\/68677","targetHints":{"allow":["GET"]}}],"collection":[{"href":"https:\/\/politicosaldesnudo.com.mx\/index.php\/wp-json\/wp\/v2\/posts"}],"about":[{"href":"https:\/\/politicosaldesnudo.com.mx\/index.php\/wp-json\/wp\/v2\/types\/post"}],"author":[{"embeddable":true,"href":"https:\/\/politicosaldesnudo.com.mx\/index.php\/wp-json\/wp\/v2\/users\/4"}],"replies":[{"embeddable":true,"href":"https:\/\/politicosaldesnudo.com.mx\/index.php\/wp-json\/wp\/v2\/comments?post=68677"}],"version-history":[{"count":0,"href":"https:\/\/politicosaldesnudo.com.mx\/index.php\/wp-json\/wp\/v2\/posts\/68677\/revisions"}],"wp:featuredmedia":[{"embeddable":true,"href":"https:\/\/politicosaldesnudo.com.mx\/index.php\/wp-json\/wp\/v2\/media\/68678"}],"wp:attachment":[{"href":"https:\/\/politicosaldesnudo.com.mx\/index.php\/wp-json\/wp\/v2\/media?parent=68677"}],"wp:term":[{"taxonomy":"category","embeddable":true,"href":"https:\/\/politicosaldesnudo.com.mx\/index.php\/wp-json\/wp\/v2\/categories?post=68677"},{"taxonomy":"post_tag","embeddable":true,"href":"https:\/\/politicosaldesnudo.com.mx\/index.php\/wp-json\/wp\/v2\/tags?post=68677"}],"curies":[{"name":"wp","href":"https:\/\/api.w.org\/{rel}","templated":true}]}}